{"id":22468,"date":"2018-09-11T14:00:14","date_gmt":"2018-09-11T18:00:14","guid":{"rendered":"http:\/\/www.corumbaonline.com.br\/news\/?p=22468"},"modified":"2018-09-11T13:51:18","modified_gmt":"2018-09-11T17:51:18","slug":"prefeitura-inicia-entrega-dos-novos-uniformes-para-alunos-da-rede-municipal-de-ensino","status":"publish","type":"post","link":"https:\/\/www.corumbaonline.com.br\/news\/prefeitura-inicia-entrega-dos-novos-uniformes-para-alunos-da-rede-municipal-de-ensino\/","title":{"rendered":"Prefeitura inicia entrega dos novos uniformes para alunos da Rede Municipal de Ensino"},"content":{"rendered":"<p>Solenidade no Centro de Educa\u00e7\u00e3o Infantil Professora H\u00e9lia da Costa Reis na manh\u00e3 desta ter\u00e7a-feira, 11 de setembro, marcou a entrega oficial dos uniformes escolares para os alunos da Rede Municipal de Ensino (REME) de Corumb\u00e1. O prefeito Marcelo Iunes participou da cerim\u00f4nia, que tamb\u00e9m celebrou os cinco anos de funcionamento daquele Centro de Educa\u00e7\u00e3o, localizado no bairro Nova Corumb\u00e1.<\/p>\n<p>A entrega dos kits de uniformes para todas as escolas da REME come\u00e7a amanh\u00e3, dia 12, e se estender\u00e1 ao longo dos pr\u00f3ximos dias. Os alunos da Educa\u00e7\u00e3o Infantil at\u00e9 o 5\u00b0 ano do Ensino Fundamental receber\u00e3o kit contendo duas camisetas e uma bermuda ou saia-short. Para os estudantes do 6\u00b0 ano do Ensino Fundamental at\u00e9 a Educa\u00e7\u00e3o de Jovens e Adultos (EJA), o kit contar\u00e1 com duas camisetas.<\/p>\n<p>Ao todo, s\u00e3o 32 mil camisetas e 10 mil bermudas e saias-shorts. Os uniformes ser\u00e3o distribu\u00eddos para todos os alunos das 40 unidades de ensino da Rede Municipal, entre Centros de Educa\u00e7\u00e3o Infantil e escolas urbanas, rurais e das \u00e1guas. Os uniformes t\u00eam como cor predominante o azul. As camisetas t\u00eam a colora\u00e7\u00e3o azul piscina enquanto bermudas e saias-shorts s\u00e3o na tonalidade azul marinho.<\/p>\n<p>Participando da cerim\u00f4nia, o secret\u00e1rio Municipal de Educa\u00e7\u00e3o, Genilson Canavarro de Abreu, destacou que com a entrega dos uniformes, a REME ganha \u201cidentidade visual\u201d. Ele ressaltou que a administra\u00e7\u00e3o do prefeito Marcelo Iunes se empenhou para garantir que todos os alunos voltassem a receber novos uniformes escolares depois de um per\u00edodo de tr\u00eas anos.<\/p>\n<p>Representando a C\u00e2mara Municipal, o vereador Andr\u00e9 da Farm\u00e1cia, salientou que os novos uniformes refor\u00e7am \u201co padr\u00e3o de qualidade e a organiza\u00e7\u00e3o da Rede Municipal de Ensino de Corumb\u00e1\u201d. Tamb\u00e9m acompanharam a cerim\u00f4nia a secret\u00e1ria Especial de Cidadania e Direitos Humanos, Amanda Balancieri Iunes; o secret\u00e1rio Municipal de Sa\u00fade, Rog\u00e9rio Leite; o secret\u00e1rio Municipal de Governo, C\u00e1ssio Augusto da Costa Marques e o secret\u00e1rio Especial de Seguran\u00e7a P\u00fablica e Defesa Social, C\u00e9sar Freitas Duarte.<\/p>\n<p>Em seu discurso, o prefeito Marcelo Iunes afirmou estar \u201cmuito satisfeito em uniformizar os alunos da nossa rede municipal\u201d. Ele esclareceu que por conta de problemas com a primeira empresa vencedora do certame para a confec\u00e7\u00e3o dos novos uniformes, o Munic\u00edpio n\u00e3o conseguiu fazer a entrega para o in\u00edcio do ano letivo. \u201cEra para entregarmos no final de julho, mas, infelizmente, houve problemas, falhas da firma que havia vencido [a licita\u00e7\u00e3o] para confeccionar os uniformes. A empresa acabou devolvendo, informando que n\u00e3o conseguiria fazer\u201d, contou o prefeito.<\/p>\n<p>Iunes antecipou que o trabalho j\u00e1 est\u00e1 sendo realizado para que em 2019 todos os alunos da REME recebam os uniformes no come\u00e7o do ano. \u201cPara o ano que vem estamos trabalhando para, no come\u00e7o do ano, entregarmos os uniformes para todos os alunos da Rede Municipal de Ensino\u201d, concluiu.<\/p>\n<p>Ainda nesta ter\u00e7a-feira, dia 11, acontece a entrega simb\u00f3lica dos novos uniformes para alunos do Ensino Fundamental. A solenidade est\u00e1 marcada para as 17 horas na Escola Municipal Pedro Paulo de Medeiros.<\/p>\n","protected":false},"excerpt":{"rendered":"<p>Solenidade no Centro de Educa\u00e7\u00e3o Infantil Professora H\u00e9lia da Costa Reis na manh\u00e3 desta ter\u00e7a-feira,&#8230;<\/p>\n","protected":false},"author":1,"featured_media":22469,"comment_status":"closed","ping_status":"closed","sticky":false,"template":"","format":"standard","meta":{"footnotes":""},"categories":[8,10],"tags":[],"class_list":["post-22468","post","type-post","status-publish","format-standard","has-post-thumbnail","hentry","category-destaque","category-educacao"],"_links":{"self":[{"href":"https:\/\/www.corumbaonline.com.br\/news\/wp-json\/wp\/v2\/posts\/22468","targetHints":{"allow":["GET"]}}],"collection":[{"href":"https:\/\/www.corumbaonline.com.br\/news\/wp-json\/wp\/v2\/posts"}],"about":[{"href":"https:\/\/www.corumbaonline.com.br\/news\/wp-json\/wp\/v2\/types\/post"}],"author":[{"embeddable":true,"href":"https:\/\/www.corumbaonline.com.br\/news\/wp-json\/wp\/v2\/users\/1"}],"replies":[{"embeddable":true,"href":"https:\/\/www.corumbaonline.com.br\/news\/wp-json\/wp\/v2\/comments?post=22468"}],"version-history":[{"count":1,"href":"https:\/\/www.corumbaonline.com.br\/news\/wp-json\/wp\/v2\/posts\/22468\/revisions"}],"predecessor-version":[{"id":22470,"href":"https:\/\/www.corumbaonline.com.br\/news\/wp-json\/wp\/v2\/posts\/22468\/revisions\/22470"}],"wp:featuredmedia":[{"embeddable":true,"href":"https:\/\/www.corumbaonline.com.br\/news\/wp-json\/wp\/v2\/media\/22469"}],"wp:attachment":[{"href":"https:\/\/www.corumbaonline.com.br\/news\/wp-json\/wp\/v2\/media?parent=22468"}],"wp:term":[{"taxonomy":"category","embeddable":true,"href":"https:\/\/www.corumbaonline.com.br\/news\/wp-json\/wp\/v2\/categories?post=22468"},{"taxonomy":"post_tag","embeddable":true,"href":"https:\/\/www.corumbaonline.com.br\/news\/wp-json\/wp\/v2\/tags?post=22468"}],"curies":[{"name":"wp","href":"https:\/\/api.w.org\/{rel}","templated":true}]}}