{"id":22583,"date":"2018-09-14T16:20:27","date_gmt":"2018-09-14T20:20:27","guid":{"rendered":"http:\/\/www.corumbaonline.com.br\/news\/?p=22583"},"modified":"2018-09-14T16:50:12","modified_gmt":"2018-09-14T20:50:12","slug":"corumba-e-destaque-do-ms-em-premio-nacional-do-conselho-federal-de-odontologia","status":"publish","type":"post","link":"https:\/\/www.corumbaonline.com.br\/news\/corumba-e-destaque-do-ms-em-premio-nacional-do-conselho-federal-de-odontologia\/","title":{"rendered":"Corumb\u00e1 \u00e9 destaque do MS em Pr\u00eamio Nacional do Conselho Federal de Odontologia"},"content":{"rendered":"<p>Corumb\u00e1 foi o grande destaque do Pr\u00eamio Estadual CRO-MS de Sa\u00fade Bucal na categoria destinada para cidades entre 50 e 300 mil habitantes. Agora o munic\u00edpio vai representar o Mato Grosso do Sul no Pr\u00eamio Nacional CFO de Sa\u00fade Bucal.<\/p>\n<p>&nbsp;<\/p>\n<p>\u201c\u00c9 uma satisfa\u00e7\u00e3o muito grande receber esse reconhecimento. Importante destacar o trabalho realizado pela Secretaria de Sa\u00fade, pelo setor de Sa\u00fade Bucal, e garantir para nossa popula\u00e7\u00e3o que vamos continuar investindo nessa \u00e1rea e dando todo suporte necess\u00e1rio para os profissionais e usu\u00e1rios da odontologia p\u00fablica\u201d, afirmou o prefeito Marcelo Iunes.<\/p>\n<p>&nbsp;<\/p>\n<p>O Chefe do Executivo municipal lembrou ainda que, neste m\u00eas, a cidade vai ganhar o maior Centro de Especialidades Odontol\u00f3gicas (CEO) do Estado. \u201cSer\u00e3o 18 dentistas especialistas atendendo de manh\u00e3, de tarde e de noite l\u00e1. Al\u00e9m disso, hoje Corumb\u00e1 \u00e9 a \u00fanica cidade do interior do Estado a ter um odont\u00f3logo atendendo na UTI\u201d, completou o prefeito.<\/p>\n<p>&nbsp;<\/p>\n<p>O secret\u00e1rio municipal de Sa\u00fade, Rog\u00e9rio dos Santos Leite, ainda destacou a \u201cimport\u00e2ncia que foi dada pela Gest\u00e3o Municipal em recuperar os servi\u00e7os em sa\u00fade, n\u00e3o sendo diferente na \u00e1rea de sa\u00fade bucal, onde foram reiniciados os plant\u00f5es noturnos no Pronto Socorro, dando atendimento \u00e0s pessoas que precisam desse servi\u00e7o\u201d<\/p>\n<p>&nbsp;<\/p>\n<p>Rog\u00e9rio tamb\u00e9m afirmou que a abertura do Pronto Atendimento nas unidades de sa\u00fade Gast\u00e3o de Oliveira e Breno de Medeiros, no per\u00edodo noturno, deu mais oportunidade para as pessoas que trabalham terem seu atendimento ambulatorial. \u201cTudo isso mostra a aten\u00e7\u00e3o da Prefeitura com quem mais precisa\u201d, pontuou.<\/p>\n<p>&nbsp;<\/p>\n<p>Coordenadora de Sa\u00fade Bucal do Munic\u00edpio, a dentista Vanessa Delgado explicou que o CRO-MS leva em considera\u00e7\u00e3o uma s\u00e9rie de itens na avalia\u00e7\u00e3o do pr\u00eamio. \u201cA \u00faltima vez que Corumb\u00e1 ganhou foi em 2012. Agora de novo ficamos \u00e0 frente de cidades maiores que a nossa, como Dourados e Tr\u00eas Lagoas\u201d.<\/p>\n<p>&nbsp;<\/p>\n<p><strong>O pr\u00eamio<\/strong><\/p>\n<p>&nbsp;<\/p>\n<p>Os munic\u00edpios que se inscreveram para participar do evento tiveram os trabalhos em prol da sa\u00fade bucal analisados pela Comiss\u00e3o de Sa\u00fade Bucal P\u00fablica, segundo os crit\u00e9rios estabelecidos pela Resolu\u00e7\u00e3o do Conselho Federal de Odontologia (CFO).<\/p>\n<p>&nbsp;<\/p>\n<p>Os vencedores j\u00e1 foram encaminhados para o CFO e v\u00e3o participar da etapa Nacional, e posteriormente receber\u00e3o certificado da premia\u00e7\u00e3o estadual. O munic\u00edpio vencedor na fase nacional, em cada grupo populacional, ganhar\u00e1 uma cadeira odontol\u00f3gica, com equipo completa. O pr\u00eamio nacional \u00e9 dividido em tr\u00eas grupos:<\/p>\n<p>&nbsp;<\/p>\n<p>Munic\u00edpios at\u00e9 50.000 habitantes; Munic\u00edpios entre 50.001 e 300.000; e Munic\u00edpios com mais de 300.001 habitantes. Os munic\u00edpios selecionados na fase nacional ser\u00e3o homenageados pelo CFO durante solenidade comemorativa no m\u00eas de outubro de cada ano. O Pr\u00eamio Nacional CFO de Sa\u00fade Bucal visa condecorar munic\u00edpios brasileiros que se destacaram na implanta\u00e7\u00e3o e efetiva\u00e7\u00e3o das pol\u00edticas p\u00fablicas de sa\u00fade bucal.<\/p>\n","protected":false},"excerpt":{"rendered":"<p>Corumb\u00e1 foi o grande destaque do Pr\u00eamio Estadual CRO-MS de Sa\u00fade Bucal na categoria destinada&#8230;<\/p>\n","protected":false},"author":1,"featured_media":22584,"comment_status":"closed","ping_status":"closed","sticky":false,"template":"","format":"standard","meta":{"footnotes":""},"categories":[8,21],"tags":[],"class_list":["post-22583","post","type-post","status-publish","format-standard","has-post-thumbnail","hentry","category-destaque","category-saude"],"_links":{"self":[{"href":"https:\/\/www.corumbaonline.com.br\/news\/wp-json\/wp\/v2\/posts\/22583","targetHints":{"allow":["GET"]}}],"collection":[{"href":"https:\/\/www.corumbaonline.com.br\/news\/wp-json\/wp\/v2\/posts"}],"about":[{"href":"https:\/\/www.corumbaonline.com.br\/news\/wp-json\/wp\/v2\/types\/post"}],"author":[{"embeddable":true,"href":"https:\/\/www.corumbaonline.com.br\/news\/wp-json\/wp\/v2\/users\/1"}],"replies":[{"embeddable":true,"href":"https:\/\/www.corumbaonline.com.br\/news\/wp-json\/wp\/v2\/comments?post=22583"}],"version-history":[{"count":1,"href":"https:\/\/www.corumbaonline.com.br\/news\/wp-json\/wp\/v2\/posts\/22583\/revisions"}],"predecessor-version":[{"id":22585,"href":"https:\/\/www.corumbaonline.com.br\/news\/wp-json\/wp\/v2\/posts\/22583\/revisions\/22585"}],"wp:featuredmedia":[{"embeddable":true,"href":"https:\/\/www.corumbaonline.com.br\/news\/wp-json\/wp\/v2\/media\/22584"}],"wp:attachment":[{"href":"https:\/\/www.corumbaonline.com.br\/news\/wp-json\/wp\/v2\/media?parent=22583"}],"wp:term":[{"taxonomy":"category","embeddable":true,"href":"https:\/\/www.corumbaonline.com.br\/news\/wp-json\/wp\/v2\/categories?post=22583"},{"taxonomy":"post_tag","embeddable":true,"href":"https:\/\/www.corumbaonline.com.br\/news\/wp-json\/wp\/v2\/tags?post=22583"}],"curies":[{"name":"wp","href":"https:\/\/api.w.org\/{rel}","templated":true}]}}