{"id":22593,"date":"2018-09-15T14:17:00","date_gmt":"2018-09-15T18:17:00","guid":{"rendered":"http:\/\/www.corumbaonline.com.br\/news\/?p=22593"},"modified":"2018-09-15T14:47:54","modified_gmt":"2018-09-15T18:47:54","slug":"prefeito-conversa-sobre-preservacao-e-turismo-com-alunos-do-maria-helena","status":"publish","type":"post","link":"https:\/\/www.corumbaonline.com.br\/news\/prefeito-conversa-sobre-preservacao-e-turismo-com-alunos-do-maria-helena\/","title":{"rendered":"Prefeito conversa sobre preserva\u00e7\u00e3o e turismo com alunos do Maria Helena"},"content":{"rendered":"<p>Um grupo de 26 alunos do 2\u00ba ano do Ensino M\u00e9dio da Escola Estadual Maria Helena Albaneze foi recebido nesta sexta-feira, 14 de setembro, pelo prefeito Marcelo Iunes. Os estudantes tiveram a oportunidade de questionar o chefe do Executivo Municipal sobre a conserva\u00e7\u00e3o do patrim\u00f4nio p\u00fablico e sobre os investimentos realizados pela Prefeitura na \u00e1rea do turismo.<\/p>\n<p>&nbsp;<\/p>\n<p>\u201c\u00c9 muito bom ter esse contato direto com os mun\u00edcipes, principalmente com os jovens. Tivemos a oportunidade de ouvir as demandas que eles t\u00eam e explicar como funciona a Prefeitura, principalmente nas quest\u00f5es burocr\u00e1ticas, como licita\u00e7\u00f5es, prazos e Lei de Responsabilidade Fiscal\u201d, afirmou Marcelo Iunes.<\/p>\n<p>&nbsp;<\/p>\n<p>\u201cFico muito feliz por poder atender e at\u00e9 mesmo ouvir a cobran\u00e7a desses jovens. Projetos desse tipo formam cidad\u00e3os mais conscientes e preparados para a vida adulta\u201d, completou o prefeito. Marcelo falou sobre as a\u00e7\u00f5es que est\u00e3o sendo executadas pelo Munic\u00edpio e explicou temas diversos levantados pelos pr\u00f3prios alunos, como a Escadinha da XV e o Jardim da Independ\u00eancia.<\/p>\n<p>&nbsp;<\/p>\n<p>Marcelo ainda detalhou o funcionamento do Centro Integrado de Esportes (CIE), que deve ser inaugurado em 2019 na parte alta de Corumb\u00e1, e sobre o projeto de requalifica\u00e7\u00e3o de toda a orla portu\u00e1ria, incluindo a Cacimba da Sa\u00fade e a regi\u00e3o onde se encontra o f\u00f3ssil Corumbella. Outro ponto bastante discutido no encontro foi a conserva\u00e7\u00e3o do patrim\u00f4nio p\u00fablico.<\/p>\n<p>&nbsp;<\/p>\n<p>\u201cA popula\u00e7\u00e3o tamb\u00e9m precisa ajudar a tomar conta. Quando algu\u00e9m depreda algum bem p\u00fablico, o Munic\u00edpio gasta dinheiro para consertar, dinheiro que poderia ser usado em uma rua, em um Posto de Sa\u00fade, em uma escola ou em qualquer outra coisa que beneficiaria a pr\u00f3pria comunidade\u201d, refor\u00e7ou.<\/p>\n<p>&nbsp;<\/p>\n<p>\u201cAs pessoas precisam denunciar \u00e0 Pol\u00edcia quando flagrarem um ato de vandalismo. No CEU, por exemplo, n\u00f3s reformamos toda a grade e, pouqu\u00edssimo tempo depois, j\u00e1 tinham v\u00e1rios buracos nela. E fizeram isso s\u00f3 para n\u00e3o precisar andar at\u00e9 o port\u00e3o para entrar. \u00c9 uma falta de consci\u00eancia que prejudica todo mundo\u201d, completou Marcelo.<\/p>\n<p>&nbsp;<\/p>\n<p>Os estudantes tamb\u00e9m apresentaram propostas para que, em conjunto com a comunidade, fossem realizadas a\u00e7\u00f5es na regi\u00e3o onde moram. O encontro fez parte da disciplina Estudo Orientado e Atividades Eletivas, ministrada pela professora F\u00e1tima Aparecida. \u201cDiscutimos temas propostos pelos pr\u00f3prios alunos em sala de aula. E mais do que levantar os problemas, buscamos apontar solu\u00e7\u00f5es para aquilo que foi apresentado. Essa conversa com o prefeito, que gentilmente nos recebeu hoje, faz parte de todo esse processo\u201d, afirmou a professora.<\/p>\n<p>&nbsp;<\/p>\n<p>O professor Rosenil dos Santos Gomes tamb\u00e9m acompanhou a visita e fez uma avalia\u00e7\u00e3o positiva da agenda. \u201cEles entenderam melhor como as coisas funcionam no Poder P\u00fablico. Nem tudo depende s\u00f3 da vontade do prefeito, como a maioria das pessoas pensa\u201d, concluiu.<\/p>\n","protected":false},"excerpt":{"rendered":"<p>Um grupo de 26 alunos do 2\u00ba ano do Ensino M\u00e9dio da Escola Estadual Maria&#8230;<\/p>\n","protected":false},"author":1,"featured_media":22594,"comment_status":"closed","ping_status":"closed","sticky":false,"template":"","format":"standard","meta":{"footnotes":""},"categories":[8,10],"tags":[],"class_list":["post-22593","post","type-post","status-publish","format-standard","has-post-thumbnail","hentry","category-destaque","category-educacao"],"_links":{"self":[{"href":"https:\/\/www.corumbaonline.com.br\/news\/wp-json\/wp\/v2\/posts\/22593","targetHints":{"allow":["GET"]}}],"collection":[{"href":"https:\/\/www.corumbaonline.com.br\/news\/wp-json\/wp\/v2\/posts"}],"about":[{"href":"https:\/\/www.corumbaonline.com.br\/news\/wp-json\/wp\/v2\/types\/post"}],"author":[{"embeddable":true,"href":"https:\/\/www.corumbaonline.com.br\/news\/wp-json\/wp\/v2\/users\/1"}],"replies":[{"embeddable":true,"href":"https:\/\/www.corumbaonline.com.br\/news\/wp-json\/wp\/v2\/comments?post=22593"}],"version-history":[{"count":1,"href":"https:\/\/www.corumbaonline.com.br\/news\/wp-json\/wp\/v2\/posts\/22593\/revisions"}],"predecessor-version":[{"id":22595,"href":"https:\/\/www.corumbaonline.com.br\/news\/wp-json\/wp\/v2\/posts\/22593\/revisions\/22595"}],"wp:featuredmedia":[{"embeddable":true,"href":"https:\/\/www.corumbaonline.com.br\/news\/wp-json\/wp\/v2\/media\/22594"}],"wp:attachment":[{"href":"https:\/\/www.corumbaonline.com.br\/news\/wp-json\/wp\/v2\/media?parent=22593"}],"wp:term":[{"taxonomy":"category","embeddable":true,"href":"https:\/\/www.corumbaonline.com.br\/news\/wp-json\/wp\/v2\/categories?post=22593"},{"taxonomy":"post_tag","embeddable":true,"href":"https:\/\/www.corumbaonline.com.br\/news\/wp-json\/wp\/v2\/tags?post=22593"}],"curies":[{"name":"wp","href":"https:\/\/api.w.org\/{rel}","templated":true}]}}