{"id":22609,"date":"2018-09-17T08:31:54","date_gmt":"2018-09-17T12:31:54","guid":{"rendered":"http:\/\/www.corumbaonline.com.br\/news\/?p=22609"},"modified":"2018-09-17T08:43:09","modified_gmt":"2018-09-17T12:43:09","slug":"vazio-sanitario-da-soja-termina-e-abre-janela-para-plantio-da-safra-201819","status":"publish","type":"post","link":"https:\/\/www.corumbaonline.com.br\/news\/vazio-sanitario-da-soja-termina-e-abre-janela-para-plantio-da-safra-201819\/","title":{"rendered":"Vazio sanit\u00e1rio da soja termina e abre janela para plantio da safra 2018\/19"},"content":{"rendered":"<p>Terminou s\u00e1bado (15), o per\u00edodo de vazio sanit\u00e1rio em Mato Grosso do Sul. H\u00e1 12 anos o prazo \u00e9 cumprido pelos agricultores do Estado por medida de defesa sanit\u00e1ria e fiscalizado pela Ag\u00eancia Estadual de Defesa Sanit\u00e1ria Animal e Vegetal (Iagro).<\/p>\n<p>At\u00e9 o momento foram lavrados 35 autos de infra\u00e7\u00e3o, sendo 20 por falta de cadastro e 15 por deixar de destruir plantas volunt\u00e1rias de soja. As equipes fiscalizaram 931 mil hectares e 3.124 produtores rurais, mas os n\u00fameros devem aumentar nos pr\u00f3ximos dias, visto que ainda h\u00e1 fiscais estaduais agropecu\u00e1rios em campo.<\/p>\n<p>Todos os produtores que cultivam soja devem fazer o cadastro obrigat\u00f3rio at\u00e9 o dia 10 de janeiro de 2019, sendo que quem perder o prazo estar\u00e1 sujeito a multa de 100 Uferms. A Iagro orienta que cumprir o calend\u00e1rio do plantio reduz o uso de fungicidas e a resist\u00eancia do fungo, por isso a janela de plantio da soja vai de 16 de setembro at\u00e9 31 de dezembro de 2018.<\/p>\n<div id=\"attachment_193187\" class=\"wp-caption alignnone\">\n<p><img loading=\"lazy\" decoding=\"async\" class=\"wp-image-193187\" src=\"http:\/\/www.ms.gov.br\/wp-content\/uploads\/sites\/150\/2018\/02\/soja-aprosoja.jpg\" sizes=\"auto, (max-width: 856px) 100vw, 856px\" srcset=\"http:\/\/www.ms.gov.br\/wp-content\/uploads\/sites\/150\/2018\/02\/soja-aprosoja.jpg 672w, http:\/\/www.ms.gov.br\/wp-content\/uploads\/sites\/150\/2018\/02\/soja-aprosoja-300x166.jpg 300w\" alt=\"\" width=\"856\" height=\"474\" \/><\/p>\n<p class=\"wp-caption-text\"><em>Para sanar quaisquer d\u00favidas e prestar mais esclarecimentos a Iagro coloca \u00e0 disposi\u00e7\u00e3o do produtor o telefone: 0800 647 2788. Foto: Aprosoja<\/em><\/p>\n<\/div>\n<p>O per\u00edodo de plantio est\u00e1 previsto na Lei Estadual n\u00ba 5.025\/2017 e quem descumprir com ele poder\u00e1 receber multa de 200 Uferms e demais gradua\u00e7\u00f5es previstas na legisla\u00e7\u00e3o. Al\u00e9m disso, a mesma lei pro\u00edbe o cultivo de soja sobre soja, soja safrinha ou soja de segunda safra no Estado.<\/p>\n<p>Para sanar quaisquer d\u00favidas e prestar mais esclarecimentos a Ag\u00eancia coloca \u00e0 disposi\u00e7\u00e3o do produtor o telefone: 0800 647 2788.<\/p>\n<p><strong>Plantio<\/strong><\/p>\n<p>Mato Grosso do Sul sedia nesta segunda-feira (17.9), a abertura oficial do Plantio de Soja da Safra 2018\/2019, que faz parte do projeto Soja Brasil. A solenidade ser\u00e1 realizada na Fazenda Jaragu\u00e1, munic\u00edpio de Terenos, e contar\u00e1 com palestras em volta do tema \u201cCen\u00e1rio pol\u00edtico e os grandes desafios da safra 2018\/2019\u201d.<\/p>\n<p>A iniciativa \u00e9 do Soja Brasil e encabe\u00e7ada pela Associa\u00e7\u00e3o do Produtores de Soja de Mato Grosso do Sul (Aprosoja\/MS). No dia ser\u00e1 divulgada a expectativa de \u00e1rea plantada e produ\u00e7\u00e3o para a safra 2018\/2019.<\/p>\n","protected":false},"excerpt":{"rendered":"<p>Terminou s\u00e1bado (15), o per\u00edodo de vazio sanit\u00e1rio em Mato Grosso do Sul. H\u00e1 12&#8230;<\/p>\n","protected":false},"author":1,"featured_media":22610,"comment_status":"closed","ping_status":"closed","sticky":false,"template":"","format":"standard","meta":{"footnotes":""},"categories":[2],"tags":[],"class_list":["post-22609","post","type-post","status-publish","format-standard","has-post-thumbnail","hentry","category-agropecuaria"],"_links":{"self":[{"href":"https:\/\/www.corumbaonline.com.br\/news\/wp-json\/wp\/v2\/posts\/22609","targetHints":{"allow":["GET"]}}],"collection":[{"href":"https:\/\/www.corumbaonline.com.br\/news\/wp-json\/wp\/v2\/posts"}],"about":[{"href":"https:\/\/www.corumbaonline.com.br\/news\/wp-json\/wp\/v2\/types\/post"}],"author":[{"embeddable":true,"href":"https:\/\/www.corumbaonline.com.br\/news\/wp-json\/wp\/v2\/users\/1"}],"replies":[{"embeddable":true,"href":"https:\/\/www.corumbaonline.com.br\/news\/wp-json\/wp\/v2\/comments?post=22609"}],"version-history":[{"count":2,"href":"https:\/\/www.corumbaonline.com.br\/news\/wp-json\/wp\/v2\/posts\/22609\/revisions"}],"predecessor-version":[{"id":22612,"href":"https:\/\/www.corumbaonline.com.br\/news\/wp-json\/wp\/v2\/posts\/22609\/revisions\/22612"}],"wp:featuredmedia":[{"embeddable":true,"href":"https:\/\/www.corumbaonline.com.br\/news\/wp-json\/wp\/v2\/media\/22610"}],"wp:attachment":[{"href":"https:\/\/www.corumbaonline.com.br\/news\/wp-json\/wp\/v2\/media?parent=22609"}],"wp:term":[{"taxonomy":"category","embeddable":true,"href":"https:\/\/www.corumbaonline.com.br\/news\/wp-json\/wp\/v2\/categories?post=22609"},{"taxonomy":"post_tag","embeddable":true,"href":"https:\/\/www.corumbaonline.com.br\/news\/wp-json\/wp\/v2\/tags?post=22609"}],"curies":[{"name":"wp","href":"https:\/\/api.w.org\/{rel}","templated":true}]}}