{"id":2269,"date":"2017-03-27T13:35:07","date_gmt":"2017-03-27T16:35:07","guid":{"rendered":"http:\/\/www.corumbaonline.com.br\/news\/?p=2269"},"modified":"2017-03-27T13:58:45","modified_gmt":"2017-03-27T16:58:45","slug":"assembleia-tambem-reconhece-a-preocupacao-de-ruiter-com-patrimonio-historico","status":"publish","type":"post","link":"https:\/\/www.corumbaonline.com.br\/news\/assembleia-tambem-reconhece-a-preocupacao-de-ruiter-com-patrimonio-historico\/","title":{"rendered":"Assembleia tamb\u00e9m reconhece a preocupa\u00e7\u00e3o de Ruiter com patrim\u00f4nio hist\u00f3rico"},"content":{"rendered":"<p>Durante a cerim\u00f4nia de entrega da Rosa de Ouro, o prefeito Ruiter Cunha de Oliveira, foi homenageado pelo reconhecimento oficial da catedral da Nossa Senhora da Candel\u00e1ria, como Patrim\u00f4nio Hist\u00f3rico e Cultural do Munic\u00edpio, e tamb\u00e9m recebeu uma Mo\u00e7\u00e3o de Congratula\u00e7\u00e3o da Assembleia Legislativa de Mato Grosso do Sul. \u201cA Catedral tem um valor inestim\u00e1vel para a hist\u00f3ria do antigo Mato Grosso e \u00e9 nosso dever tornar este reconhecimento p\u00fablico com o tombamento hist\u00f3rico\u201d, afirmou.<\/p>\n<p>Um dos homenageados com a Rosa de Ouro foi o deputado estadual Paulo Siufi que, na oportunidade, aproveitou para entregar a segunda homenagem da noite ao prefeito de Corumb\u00e1. Ruiter recebeu a Mo\u00e7\u00e3o de Congratula\u00e7\u00e3o da Assembleia Legislativa por ter declarado a catedral Nossa Senhora da Candel\u00e1ria como patrim\u00f4nio hist\u00f3rico e cultural do munic\u00edpio de Corumb\u00e1, devido ao seu valor hist\u00f3rico. \u201cEsta homenagem foi aprovada com unanimidade pelos deputados, o trabalho que o Ruiter tem desempenhado \u00e9 not\u00e1vel\u201d, comemorou Siufi.<\/p>\n<p>Constru\u00edda em 1885, \u00e9 considerada o templo mais antigo do Mato Grosso do Sul, a catedral vai receber investimentos do Governo do Estado, cerca de R$ 300 mil at\u00e9 abril, para a obra de ilumina\u00e7\u00e3o e fia\u00e7\u00e3o el\u00e9trica do templo. \u201cEstamos muito felizes com o reconhecimento p\u00fablico do valor hist\u00f3rico da catedral\u201d, reconheceu o c\u00f4nego F\u00e1bio Vieira.<\/p>\n<p>Durante sua fala, o deputado estadual anunciou ainda que, em breve a catedral Nossa Senhora da Candel\u00e1ria ser\u00e1 patrim\u00f4nio hist\u00f3rico do Mato Grosso do Sul. \u201cH\u00e1 o compromisso do governador Reinaldo Azambuja em viabilizar o tombamento, para que aconte\u00e7a rapidamente\u201d, complementou Siufi.<\/p>\n<p>O empenho do gestor de Corumb\u00e1 em tombar pr\u00e9dios hist\u00f3ricos do Munic\u00edpio fomentou a reativa\u00e7\u00e3o do PAC Cidades Hist\u00f3ricas, um feito in\u00e9dito. Estima-se que R$ 19 milh\u00f5es ser\u00e3o destinados pelo Governo Federal \u00e0 restaura\u00e7\u00e3o de sete locais: pr\u00e9dio da antiga Prefeitura, Comiss\u00e3o Mista, ILA, Hotel Internacional, Catedral Nossa Senhora da Candel\u00e1ria, pra\u00e7a Uruguai (antigo Mercad\u00e3o) e Casa do Artes\u00e3o.<\/p>\n<p>\u201cO Iphan identificou pend\u00eancias nos projetos e assim que forem sanados, poderemos acessar os recursos\u201d, explicou o secret\u00e1rio de Infraestrutura do Munic\u00edpio e respons\u00e1vel pela obra na catedral, Ricardo Ametlla.<\/p>\n","protected":false},"excerpt":{"rendered":"<p>Durante a cerim\u00f4nia de entrega da Rosa de Ouro, o prefeito Ruiter Cunha de Oliveira,&#8230;<\/p>\n","protected":false},"author":1,"featured_media":2270,"comment_status":"open","ping_status":"open","sticky":false,"template":"","format":"standard","meta":{"footnotes":""},"categories":[8,19],"tags":[],"class_list":["post-2269","post","type-post","status-publish","format-standard","has-post-thumbnail","hentry","category-destaque","category-politica"],"_links":{"self":[{"href":"https:\/\/www.corumbaonline.com.br\/news\/wp-json\/wp\/v2\/posts\/2269","targetHints":{"allow":["GET"]}}],"collection":[{"href":"https:\/\/www.corumbaonline.com.br\/news\/wp-json\/wp\/v2\/posts"}],"about":[{"href":"https:\/\/www.corumbaonline.com.br\/news\/wp-json\/wp\/v2\/types\/post"}],"author":[{"embeddable":true,"href":"https:\/\/www.corumbaonline.com.br\/news\/wp-json\/wp\/v2\/users\/1"}],"replies":[{"embeddable":true,"href":"https:\/\/www.corumbaonline.com.br\/news\/wp-json\/wp\/v2\/comments?post=2269"}],"version-history":[{"count":1,"href":"https:\/\/www.corumbaonline.com.br\/news\/wp-json\/wp\/v2\/posts\/2269\/revisions"}],"predecessor-version":[{"id":2271,"href":"https:\/\/www.corumbaonline.com.br\/news\/wp-json\/wp\/v2\/posts\/2269\/revisions\/2271"}],"wp:featuredmedia":[{"embeddable":true,"href":"https:\/\/www.corumbaonline.com.br\/news\/wp-json\/wp\/v2\/media\/2270"}],"wp:attachment":[{"href":"https:\/\/www.corumbaonline.com.br\/news\/wp-json\/wp\/v2\/media?parent=2269"}],"wp:term":[{"taxonomy":"category","embeddable":true,"href":"https:\/\/www.corumbaonline.com.br\/news\/wp-json\/wp\/v2\/categories?post=2269"},{"taxonomy":"post_tag","embeddable":true,"href":"https:\/\/www.corumbaonline.com.br\/news\/wp-json\/wp\/v2\/tags?post=2269"}],"curies":[{"name":"wp","href":"https:\/\/api.w.org\/{rel}","templated":true}]}}