{"id":22755,"date":"2018-09-19T16:17:06","date_gmt":"2018-09-19T20:17:06","guid":{"rendered":"http:\/\/www.corumbaonline.com.br\/news\/?p=22755"},"modified":"2018-09-19T16:42:54","modified_gmt":"2018-09-19T20:42:54","slug":"com-lances-a-partir-de-r-50-sad-promove-leilao-com-130-lotes-de-veiculos-e-sucatas","status":"publish","type":"post","link":"https:\/\/www.corumbaonline.com.br\/news\/com-lances-a-partir-de-r-50-sad-promove-leilao-com-130-lotes-de-veiculos-e-sucatas\/","title":{"rendered":"Com lances a partir de R$ 50, SAD promove leil\u00e3o com 130 lotes de ve\u00edculos e sucatas"},"content":{"rendered":"<p>O Governo do Estado, por meio da Secretaria de Administra\u00e7\u00e3o e Desburocratiza\u00e7\u00e3o (SAD), promove leil\u00e3o com 130 lotes de ve\u00edculos e sucatas. A previs\u00e3o de arrecada\u00e7\u00e3o \u00e9 de R$ 338 mil.<\/p>\n<p>O certame que oferta lotes contendo caminh\u00f5es, carros e motos \u2013 considerados inserv\u00edveis para a administra\u00e7\u00e3o -, ser\u00e1 realizado nos formatos presencial e online. O leil\u00e3o presencial ser\u00e1 dia 25 de setembro, a partir das 8h30, na Associa\u00e7\u00e3o Brasileira de Odontologia de Mato Grosso do Sul (ABO-MS), localizada na rua Liberdade, n\u00ba 836 Monte L\u00edbano. O formato virtual j\u00e1 est\u00e1 aberto para lances atrav\u00e9s do\u00a0<a href=\"https:\/\/www.casadeleiloes.net.br\/leilao\/leilao-de-veiculos-e-sucatas-de-governo-do-estado-de-mato-grosso-do-sul\/4058\" target=\"_blank\" rel=\"noopener noreferrer\">Portal Casa de Leil\u00f5es<\/a>.<\/p>\n<div id=\"attachment_13564\" class=\"wp-caption alignnone\"><a href=\"http:\/\/www.sad.ms.gov.br\/wp-content\/uploads\/sites\/5\/2018\/09\/DSC_1036.jpg\" rel=\"attachment wp-att-13564\"><img loading=\"lazy\" decoding=\"async\" class=\"wp-image-13564\" src=\"http:\/\/www.sad.ms.gov.br\/wp-content\/uploads\/sites\/5\/2018\/09\/DSC_1036-1024x685.jpg\" alt=\"\" width=\"769\" height=\"515\" \/><\/a><\/p>\n<p class=\"wp-caption-text\"><em>O certame ser\u00e1 realizado nos formatos presencial e online e a previs\u00e3o de arrecada\u00e7\u00e3o \u00e9 de R$ 338 mil.<\/em><\/p>\n<\/div>\n<p>O menor lance inicial, no valor de R$ 50,00, \u00e9 referente ao lote 109 que oferta duas sucatas de VW\/Gol 1.6 sem motor. J\u00e1 o maior lance inicial, no valor de R$ 9 mil, \u00e9 referente a duas camionetes movidas a Diesel. Sendo o lote 001 que oferta uma Nissan\/Frontier 4X4, ano 2014\/2015 na cor preta;\u00a0 e o 004 com uma Amarok CD 4\u00d74 SE, ano 2013.<\/p>\n<p>O per\u00edodo de visita\u00e7\u00e3o dos lotes ocorre de 17 a 24 de setembro, de segunda a sexta-feira, exceto feriados e finais de semana, sendo proibida a visita\u00e7\u00e3o no dia de realiza\u00e7\u00e3o do leil\u00e3o presencial. A visita\u00e7\u00e3o acontece nos seguintes locais:<\/p>\n<ul>\n<li>Lotes 01 ao 107: rua Paracatu, s\/n\u00ba Silvia Regina \u2013 ao lado da Casa de Leil\u00f5es, das 8h \u00e0s 11h, e das 13h30 \u00e0s 16h.<\/li>\n<li>Lote 108: Quartel do Corpo de Bombeiros \u2013 rua Fernando Augusto da Costa, n\u00ba 376 Jardim Am\u00e9rica, das 8h \u00e0s 13h.<\/li>\n<li>Lotes 109 ao 130: rua Alexander Fleming, n\u00ba 1.673 Vila Bandeirantes, das 8h \u00e0s 11h, e das 13h30 \u00e0s 16h.<\/li>\n<\/ul>\n<div id=\"attachment_13565\" class=\"wp-caption alignright\"><a href=\"http:\/\/www.sad.ms.gov.br\/wp-content\/uploads\/sites\/5\/2018\/09\/DSC_1070.jpg\" rel=\"attachment wp-att-13565\"><img loading=\"lazy\" decoding=\"async\" class=\"wp-image-13565\" src=\"http:\/\/www.sad.ms.gov.br\/wp-content\/uploads\/sites\/5\/2018\/09\/DSC_1070-1024x685.jpg\" alt=\"\" width=\"317\" height=\"212\" \/><\/a><\/p>\n<p class=\"wp-caption-text\"><em>O leil\u00e3o presencial ser\u00e1 dia 25 de setembro, a partir das 8h30, na ABO-MS.<\/em><\/p>\n<\/div>\n<p>Para aquisi\u00e7\u00e3o dos lotes 108 e 109 destinado \u00e0 sucata de ve\u00edculos para desmanche, poder\u00e3o participar somente pessoas jur\u00eddicas de qualquer natureza e que estejam devidamente cadastradas no Departamento Estadual de Tr\u00e2nsito (Detran) conforme a lei 12.977\/2014, regulamentada pela Resolu\u00e7\u00e3o Contran 611\/2016, destinados \u00e0 desmontagem, reciclagem e destina\u00e7\u00e3o das pe\u00e7as usadas de ve\u00edculos automotores.<\/p>\n<p>O edital completo com a descri\u00e7\u00e3o de cada lote ofertado, adendos e demais avisos podem ser conferidos neste\u00a0<a href=\"http:\/\/www.centraldecompras.ms.gov.br\/\" target=\"_blank\" rel=\"noopener noreferrer\">site<\/a>.<\/p>\n","protected":false},"excerpt":{"rendered":"<p>O Governo do Estado, por meio da Secretaria de Administra\u00e7\u00e3o e Desburocratiza\u00e7\u00e3o (SAD), promove leil\u00e3o&#8230;<\/p>\n","protected":false},"author":1,"featured_media":0,"comment_status":"closed","ping_status":"closed","sticky":false,"template":"","format":"standard","meta":{"footnotes":""},"categories":[14],"tags":[],"class_list":["post-22755","post","type-post","status-publish","format-standard","hentry","category-geral"],"_links":{"self":[{"href":"https:\/\/www.corumbaonline.com.br\/news\/wp-json\/wp\/v2\/posts\/22755","targetHints":{"allow":["GET"]}}],"collection":[{"href":"https:\/\/www.corumbaonline.com.br\/news\/wp-json\/wp\/v2\/posts"}],"about":[{"href":"https:\/\/www.corumbaonline.com.br\/news\/wp-json\/wp\/v2\/types\/post"}],"author":[{"embeddable":true,"href":"https:\/\/www.corumbaonline.com.br\/news\/wp-json\/wp\/v2\/users\/1"}],"replies":[{"embeddable":true,"href":"https:\/\/www.corumbaonline.com.br\/news\/wp-json\/wp\/v2\/comments?post=22755"}],"version-history":[{"count":1,"href":"https:\/\/www.corumbaonline.com.br\/news\/wp-json\/wp\/v2\/posts\/22755\/revisions"}],"predecessor-version":[{"id":22756,"href":"https:\/\/www.corumbaonline.com.br\/news\/wp-json\/wp\/v2\/posts\/22755\/revisions\/22756"}],"wp:attachment":[{"href":"https:\/\/www.corumbaonline.com.br\/news\/wp-json\/wp\/v2\/media?parent=22755"}],"wp:term":[{"taxonomy":"category","embeddable":true,"href":"https:\/\/www.corumbaonline.com.br\/news\/wp-json\/wp\/v2\/categories?post=22755"},{"taxonomy":"post_tag","embeddable":true,"href":"https:\/\/www.corumbaonline.com.br\/news\/wp-json\/wp\/v2\/tags?post=22755"}],"curies":[{"name":"wp","href":"https:\/\/api.w.org\/{rel}","templated":true}]}}