{"id":22808,"date":"2018-09-21T13:00:26","date_gmt":"2018-09-21T17:00:26","guid":{"rendered":"http:\/\/www.corumbaonline.com.br\/news\/?p=22808"},"modified":"2018-09-21T13:23:01","modified_gmt":"2018-09-21T17:23:01","slug":"corumba-sedia-encontro-nacional-de-academias-maconicas-de-letras","status":"publish","type":"post","link":"https:\/\/www.corumbaonline.com.br\/news\/corumba-sedia-encontro-nacional-de-academias-maconicas-de-letras\/","title":{"rendered":"Corumb\u00e1 sedia encontro nacional de Academias Ma\u00e7\u00f4nicas de Letras"},"content":{"rendered":"<p>O evento come\u00e7a nesta sexta feira, 21\/09, \u00e0 noite e se estende no s\u00e1bado no Centro de Conven\u00e7\u00f5es do Pantanal. As tr\u00eas pot\u00eancias ma\u00e7\u00f4nicas estar\u00e3o reunidas com o intuito de avaliar propostas que possam incentivar a literatura com prop\u00f3sitos espec\u00edficos para cada regi\u00e3o do pa\u00eds.<\/p>\n<p>&nbsp;<\/p>\n<p>Presidente da Academia Ma\u00e7\u00f4nica de Letras do Estado de Mato Grosso do Sul, o escritor Ant\u00f4nio Alves Guimar\u00e3es Rocha, disse que \u201co objetivo das Academias Ma\u00e7\u00f4nicas do Brasil \u00e9 encontrar o seu destino de fortalecimento de pol\u00edticas p\u00fablicas para cada estado brasileiro onde a gente possa aplicar recursos e dominar a confec\u00e7\u00e3o de projetos que possam viabilizar uma aproxima\u00e7\u00e3o da sociedade com o povo ma\u00e7\u00f4nico\u201d.<\/p>\n<p>&nbsp;<\/p>\n<p>O encontro ser\u00e1 aberto para quem quiser participar e tem in\u00edcio previsto para as 20 horas. Basta fazer a inscri\u00e7\u00e3o que \u00e9 gratuita. Na abertura est\u00e1 prevista a execu\u00e7\u00e3o do Hino Nacional Brasileiro pela Orquestra de Viola Caipira do Pantanal.<\/p>\n<p>&nbsp;<\/p>\n<p>O s\u00e1bado ser\u00e1 de debates e discuss\u00f5es, come\u00e7ando \u00e0s 07h30 tamb\u00e9m no Centro de Conven\u00e7\u00f5es. Estar\u00e3o sendo avaliadas doze propostas que j\u00e1 foram trazidas prontas para o encontro. \u201cA ordem ma\u00e7\u00f4nica \u00e9 um tanto discreta, mas n\u00f3s precisamos colocar a academia a servi\u00e7o da cultura do povo\u201d, afirmou Guimar\u00e3es Rocha. E \u00e9 por isso, segundo ele, que o encontro pretende levantar o que Corumb\u00e1 est\u00e1 fazendo com rela\u00e7\u00e3o \u00e0 cultura e as necessidades, neste sentido, assim como outras cidades brasileiras que estar\u00e3o representadas.<\/p>\n<p>&nbsp;<\/p>\n<p>Um ponto importante do encontro ser\u00e1 a cria\u00e7\u00e3o da Confedera\u00e7\u00e3o Nacional das Academias Ma\u00e7\u00f4nicas de Letras, o que dever ser um marco par a evolu\u00e7\u00e3o cultural das Lojas Ma\u00e7\u00f4nicas e sua aproxima\u00e7\u00e3o com a sociedade. Al\u00e9m disso, foi criada uma comenda que ser\u00e1 entregue a autoridades e presidentes das Lojas Ma\u00e7\u00f4nicas de Corumb\u00e1 e Lad\u00e1rio, a Medalha Fadel Tajher Iunes, um importante e saudoso membro da Ma\u00e7onaria, ainda do tempo em que o Mato Grosso era integrado, considerado um dos disseminadores da ordem ma\u00e7\u00f4nica no Mato Grosso do Sul.<\/p>\n<p>&nbsp;<\/p>\n<p>Corumbaense de nascimento, Fadel cursou Direito no Rio de Janeiro, foi professor na Escola Estadual Maria Leite, banc\u00e1rio, defensor p\u00fablico e finalmente ingressou no Minist\u00e9rio P\u00fablico onde chegou ao cargo m\u00e1ximo de Procurador de Justi\u00e7a. \u201cPor felicidade \u00e9 o exemplo que qualquer ma\u00e7om gostaria de ter como refer\u00eancia\u201d, ressaltou Guimar\u00e3es ao divisar que que ser\u00e1 um momento especial a condecora\u00e7\u00e3o com a medalha de um corumbaense \u00e0s pessoas e institui\u00e7\u00f5es que se destacaram na cultura de Mato Grosso do Sul e do Brasil.<\/p>\n<p>&nbsp;<\/p>\n<p>Durante o evento tamb\u00e9m haver\u00e1 lan\u00e7amento de livros, com momento para aut\u00f3grafo. Apesar de ser o primeiro encontro, a atividade j\u00e1 vem sendo considerada como de especial import\u00e2ncia inclusive para protagonizar o avan\u00e7o na solu\u00e7\u00e3o das demandas nacionais de incentivo \u00e0 literatura e cultura do Brasil.<\/p>\n","protected":false},"excerpt":{"rendered":"<p>O evento come\u00e7a nesta sexta feira, 21\/09, \u00e0 noite e se estende no s\u00e1bado no&#8230;<\/p>\n","protected":false},"author":1,"featured_media":22809,"comment_status":"closed","ping_status":"closed","sticky":false,"template":"","format":"standard","meta":{"footnotes":""},"categories":[14],"tags":[],"class_list":["post-22808","post","type-post","status-publish","format-standard","has-post-thumbnail","hentry","category-geral"],"_links":{"self":[{"href":"https:\/\/www.corumbaonline.com.br\/news\/wp-json\/wp\/v2\/posts\/22808","targetHints":{"allow":["GET"]}}],"collection":[{"href":"https:\/\/www.corumbaonline.com.br\/news\/wp-json\/wp\/v2\/posts"}],"about":[{"href":"https:\/\/www.corumbaonline.com.br\/news\/wp-json\/wp\/v2\/types\/post"}],"author":[{"embeddable":true,"href":"https:\/\/www.corumbaonline.com.br\/news\/wp-json\/wp\/v2\/users\/1"}],"replies":[{"embeddable":true,"href":"https:\/\/www.corumbaonline.com.br\/news\/wp-json\/wp\/v2\/comments?post=22808"}],"version-history":[{"count":1,"href":"https:\/\/www.corumbaonline.com.br\/news\/wp-json\/wp\/v2\/posts\/22808\/revisions"}],"predecessor-version":[{"id":22810,"href":"https:\/\/www.corumbaonline.com.br\/news\/wp-json\/wp\/v2\/posts\/22808\/revisions\/22810"}],"wp:featuredmedia":[{"embeddable":true,"href":"https:\/\/www.corumbaonline.com.br\/news\/wp-json\/wp\/v2\/media\/22809"}],"wp:attachment":[{"href":"https:\/\/www.corumbaonline.com.br\/news\/wp-json\/wp\/v2\/media?parent=22808"}],"wp:term":[{"taxonomy":"category","embeddable":true,"href":"https:\/\/www.corumbaonline.com.br\/news\/wp-json\/wp\/v2\/categories?post=22808"},{"taxonomy":"post_tag","embeddable":true,"href":"https:\/\/www.corumbaonline.com.br\/news\/wp-json\/wp\/v2\/tags?post=22808"}],"curies":[{"name":"wp","href":"https:\/\/api.w.org\/{rel}","templated":true}]}}