{"id":22875,"date":"2018-09-24T09:37:48","date_gmt":"2018-09-24T13:37:48","guid":{"rendered":"http:\/\/www.corumbaonline.com.br\/news\/?p=22875"},"modified":"2018-09-24T10:02:02","modified_gmt":"2018-09-24T14:02:02","slug":"na-boca-do-tunel-9","status":"publish","type":"post","link":"https:\/\/www.corumbaonline.com.br\/news\/na-boca-do-tunel-9\/","title":{"rendered":"Na Boca do T\u00fanel"},"content":{"rendered":"<p><strong>BRASILEIR\u00c3O 2018 <\/strong><\/p>\n<p><strong>Inter empata com o Corinthians, perde segunda posi\u00e7\u00e3o para o Palmeiras e v\u00ea S\u00e3o Paulo seguir na lideran\u00e7a<\/strong><\/p>\n<p>O Internacional n\u00e3o soube aproveitar o trope\u00e7o do S\u00e3o Paulo no s\u00e1bado (22) ante o Am\u00e9rica-MG para assumir a lideran\u00e7a do Campeonato Brasileiro. Neste domingo (23), em Itaquera, empatou em 1 a 1 com o Corinthians, chegou aos 50 pontos e perdeu a segunda posi\u00e7\u00e3o para Palmeiras, que venceu o Sport por 1 a 0 na Ilha do Retiro. O time alviverde tem a mesma pontua\u00e7\u00e3o, mas leva vantagem no saldo de gols (21 a 17).<\/p>\n<p>O S\u00e3o Paulo segue l\u00edder do Nacional, com 51 pontos.<\/p>\n<p>O time de Parque S\u00e3o Jorge continua em oitavo, com 34.<\/p>\n<p>No Rio, o Flamengo venceu o Atl\u00e9tico-MG por 2 a 1. Com isso, o clube rubro-negro chega aos 48 pontos e \u00e9 o quarto colocado.<\/p>\n<p>O Cruzeiro venceu o Santos em Minas, de virada, por 2 a 1. O time mineiro permanece na s\u00e9tima posi\u00e7\u00e3o, agora com 37 pontos. J\u00e1 o clube da Vila Belmiro tem sua ascens\u00e3o na tabela interrompida. Segue com 32 pontos, mas cai para d\u00e9cimo.<\/p>\n<p><strong>S\u00e1bado (22)<\/strong><\/p>\n<p>S\u00e3o Paulo 1 x 1 Am\u00e9rica-MG, no Morumbi<\/p>\n<p><strong>Domingo (23)<\/strong><\/p>\n<p>Gr\u00eamio 3&#215;2 Cear\u00e1, em Porto Alegre, \u00e0s 11h<\/p>\n<p>Corinthians 1&#215;1 Internacional, em S\u00e3o Paulo, \u00e0s 16h<\/p>\n<p>Flamengo 2&#215;1 Atl\u00e9tico-MG, no Rio, \u00e0s 16h<\/p>\n<p>Atl\u00e9tico-PR 3&#215;0 Paran\u00e1, em Curitiba, na Arena da Baixada, \u00e0s 16h<\/p>\n<p>Vit\u00f3ria 3&#215;4 Botafogo, em Salvador, \u00e0s 18h<\/p>\n<p>Sport 0x1 Palmeiras, no Recife, \u00e0s 18h<\/p>\n<p>Cruzeiro 2&#215;1 Santos, em Minas, \u00e0s 19h<\/p>\n<p><strong>Segunda-feira (24)<\/strong><\/p>\n<p>Chapecoense x Fluminense, em Chapec\u00f3, \u00e0s 20h<\/p>\n<p>Vasco x Bahia, no Rio, \u00e0s 20h.<\/p>\n<p>&nbsp;<\/p>\n<p><strong>Copa Integra\u00e7\u00e3o<\/strong><\/p>\n<p>Mundial e Associa\u00e7\u00e3o Castro fizeram no domingo, 23 de setembro, a segunda e decisiva partida da final da Copa Integra\u00e7\u00e3o de Futebol Amador na regi\u00e3o do Centro Esportivo do Bairro Dom Bosco.<\/p>\n<p>O primeiro jogo, realizado no dia 09, teve vit\u00f3ria do Mundial sobre a Associa\u00e7\u00e3o Castro pelo placar de 1 a 0, com a vantagem, o Mundial foi o campe\u00e3o ao estabelecer o empate em 1 x 1. A Copa Integra\u00e7\u00e3o \u00e9 organizada pela Prefeitura, por meio da Funda\u00e7\u00e3o de Esportes de Corumb\u00e1 (FUNEC).<\/p>\n<p>Neste ano, a premia\u00e7\u00e3o \u00e9 composta por trof\u00e9us e medalhas \u00e0s equipes campe\u00e3s e vice-campe\u00e3s de cada regional, assim como o melhor goleiro e o artilheiro. Cada time campe\u00e3o tamb\u00e9m leva para casa um pr\u00eamio em dinheiro no valor de R$ 2.400, enquanto o vice fatura R$ 1.200. O melhor goleiro e o artilheiro de cada regional ficam com R$ 200 cada.<\/p>\n<p>No Cravo Vermelho, o campe\u00e3o foi o Fam\u00edlia Moraes, com o Santa Catarina em segundo; no Universit\u00e1rio o Bar\u00e3o ficou em primeiro com o Universit\u00e1rio em segundo; no Primavera, o Gal\u00e1cticos venceu a Primavera na decis\u00e3o; enquanto no Paiolzinho o Bol\u00edvar foi o campe\u00e3o com o Taquaral em segundo.<\/p>\n<p>No Roseiral quem patrocinou o campeonato, na entrega do trof\u00e9u, teve menos participa\u00e7\u00e3o, pois a cena foi roubada pela pilantragem, todos estavam l\u00e1, candidato e pupilos.\u00a0 E a coordena\u00e7\u00e3o balan\u00e7ou, pois, para que lado esta?<\/p>\n<p>&nbsp;<\/p>\n<p>No Estadual Sub-17, o SEDUC de Anast\u00e1cio foi o campe\u00e3o ao empatar com o CENA de Nova Andradina, at\u00e9 porque desenvolve com responsabilidade um trabalho com a categoria de base e merecidamente conseguiu esse titulo, por\u00e9m os velhos problemas ou mazelas estiveram presentes na decis\u00e3o: Erros graves de arbitragem, que criou animosidade entre os atletas das duas equipes, sendo que atletas do SEDUC fazendo gestos obscenos para a torcida do CENA, expuls\u00f5es, entradas desleais e tentativa de agress\u00e3o no final da partida. O delegado omisso, permitindo que pessoas estranhas dentro do quadril\u00e1tero, assim como os gandulas atiravam a bola nos atletas do SEDUC, duas constata\u00e7\u00f5es: O CENA n\u00e3o sabe perder e alguns atletas do SEDUC n\u00e3o sabem ganhar, a bem da verdade \u00e9 que a competi\u00e7\u00e3o ter um rigor maior quanto a disciplina e organiza\u00e7\u00e3o, pois como o Mato Grosso do Sul espera renovar as suas bases, se constantemente as competi\u00e7\u00f5es s\u00e3o envoltas a esses problemas corriqueiros que s\u00f3 denigre a imagem do futebol? Carece e \u00e9 necess\u00e1rio termos dirigentes respons\u00e1veis para coibir esses desvios de conduta, pois o trabalho\u00a0 com a categoria de base s\u00f3 ter\u00e1 valor quando o objetivo n\u00e3o tiver interesses escusos por tr\u00e1s. O que esperar da Serie B? outra inc\u00f3gnita que ronda a FFMS, pois todos os anos dribla o Estatuto do Torcedor e nenhum dirigente toma qualquer atitude que tenha uma resposta de n\u00e3o para o que acontece, lan\u00e7ado o edital, realizado o arbitral, come\u00e7am as desist\u00eancias e vai-se encaixando equipes inexpressivas, sem as m\u00ednimas condi\u00e7\u00f5es para estar disputando a competi\u00e7\u00e3o, at\u00e9 quando?<\/p>\n<p><strong>E na LEC esta havendo a Copa de Amadores de 2018?<\/strong><\/p>\n<p>Ningu\u00e9m sabe, est\u00e1dio vazio, equipes sem motiva\u00e7\u00e3o nenhuma, enfraquecidas em raz\u00e3o das outras competi\u00e7\u00f5es, para sorte da entidade maior do futebol, as competi\u00e7\u00f5es dos p\u00f3los est\u00e3o chegando ao final, mas \u00e9 tempor\u00e1rio, pois a FUNEC promete um super campeonato no campo da Esplanada, caso se confirme, novo esvaziamento de atletas que estar\u00e3o disputando a competi\u00e7\u00e3o, tudo que come\u00e7a errado, termina errado, n\u00e3o tem divulga\u00e7\u00e3o, n\u00e3o tem planejamento, n\u00e3o tem nenhuma perspectiva de que vai melhorar, pois se o Corumbaense vir com uma equipe competitiva, ainda vai ganhar um qualquer, caso contr\u00e1rio, a barca vai afundar.<\/p>\n<p>Reginaldo Coutinho \u2013 Delegado sindical dos radialistas de Corumb\u00e1, cronista esportivo, locutor apresentador do programa Transnot\u00edcias na r\u00e1dio Transam\u00e9rica<\/p>\n","protected":false},"excerpt":{"rendered":"<p>BRASILEIR\u00c3O 2018 Inter empata com o Corinthians, perde segunda posi\u00e7\u00e3o para o Palmeiras e v\u00ea&#8230;<\/p>\n","protected":false},"author":1,"featured_media":20002,"comment_status":"closed","ping_status":"closed","sticky":false,"template":"","format":"standard","meta":{"footnotes":""},"categories":[3],"tags":[],"class_list":["post-22875","post","type-post","status-publish","format-standard","has-post-thumbnail","hentry","category-artigo"],"_links":{"self":[{"href":"https:\/\/www.corumbaonline.com.br\/news\/wp-json\/wp\/v2\/posts\/22875","targetHints":{"allow":["GET"]}}],"collection":[{"href":"https:\/\/www.corumbaonline.com.br\/news\/wp-json\/wp\/v2\/posts"}],"about":[{"href":"https:\/\/www.corumbaonline.com.br\/news\/wp-json\/wp\/v2\/types\/post"}],"author":[{"embeddable":true,"href":"https:\/\/www.corumbaonline.com.br\/news\/wp-json\/wp\/v2\/users\/1"}],"replies":[{"embeddable":true,"href":"https:\/\/www.corumbaonline.com.br\/news\/wp-json\/wp\/v2\/comments?post=22875"}],"version-history":[{"count":1,"href":"https:\/\/www.corumbaonline.com.br\/news\/wp-json\/wp\/v2\/posts\/22875\/revisions"}],"predecessor-version":[{"id":22876,"href":"https:\/\/www.corumbaonline.com.br\/news\/wp-json\/wp\/v2\/posts\/22875\/revisions\/22876"}],"wp:featuredmedia":[{"embeddable":true,"href":"https:\/\/www.corumbaonline.com.br\/news\/wp-json\/wp\/v2\/media\/20002"}],"wp:attachment":[{"href":"https:\/\/www.corumbaonline.com.br\/news\/wp-json\/wp\/v2\/media?parent=22875"}],"wp:term":[{"taxonomy":"category","embeddable":true,"href":"https:\/\/www.corumbaonline.com.br\/news\/wp-json\/wp\/v2\/categories?post=22875"},{"taxonomy":"post_tag","embeddable":true,"href":"https:\/\/www.corumbaonline.com.br\/news\/wp-json\/wp\/v2\/tags?post=22875"}],"curies":[{"name":"wp","href":"https:\/\/api.w.org\/{rel}","templated":true}]}}