{"id":22886,"date":"2018-09-24T10:32:32","date_gmt":"2018-09-24T14:32:32","guid":{"rendered":"http:\/\/www.corumbaonline.com.br\/news\/?p=22886"},"modified":"2018-09-24T11:04:16","modified_gmt":"2018-09-24T15:04:16","slug":"corumba-inaugura-unidade-basica-de-saude-no-conjunto-cravo-vermelho","status":"publish","type":"post","link":"https:\/\/www.corumbaonline.com.br\/news\/corumba-inaugura-unidade-basica-de-saude-no-conjunto-cravo-vermelho\/","title":{"rendered":"Corumb\u00e1 inaugura unidade b\u00e1sica de sa\u00fade no conjunto Cravo Vermelho"},"content":{"rendered":"<p>A Unidade B\u00e1sica de Sa\u00fade da Fam\u00edlia (UBSF) Doutor Walter Vict\u00f3rio, no conjunto Cravo Vermelho, foi inaugurada na manh\u00e3 desta segunda-feira, 24 de setembro, pelo prefeito Marcelo Iunes. J\u00e1 em funcionamento, a UBSF atende nos per\u00edodos matutino e vespertino.<\/p>\n<p>&nbsp;<\/p>\n<p>O valor investido foi de R$ 710 mil em parceria da Prefeitura de Corumb\u00e1 com os Governos Federal e Estadual.\u00a0 A obra foi licitada em 2016 e conclu\u00edda este ano. Os recursos foram provenientes do conv\u00eanio n\u00ba 3179\/2007 realizado entre o Munic\u00edpio e o Minist\u00e9rio da Sa\u00fade.<\/p>\n<p>&nbsp;<\/p>\n<p>Entregue em comemora\u00e7\u00e3o aos 240 anos da funda\u00e7\u00e3o de Corumb\u00e1, a Unidade de Sa\u00fade atender\u00e1 uma m\u00e9dia de quatro mil pessoas \u2013 moradoras daquela regi\u00e3o \u2013 com servi\u00e7o humanizado; equipe de sa\u00fade completa e quadro de profissionais complementares.<\/p>\n<p>&nbsp;<\/p>\n<p>Participando da cerim\u00f4nia, Marcelo Freire Vict\u00f3rio (filho do m\u00e9dico homenageado no nome da unidade), agradeceu a Prefeitura pela homenagem, classificada por ele como \u201cmuito justa\u201d. Ele lembrou que \u201cpor mais de 40 anos\u201d, o pai \u201cserviu a popula\u00e7\u00e3o de Corumb\u00e1\u201d.<\/p>\n<p>&nbsp;<\/p>\n<p>O secret\u00e1rio Municipal de Sa\u00fade, Rog\u00e9rio dos Santos Leite, ressaltou que a administra\u00e7\u00e3o do prefeito Marcelo Iunes \u201cn\u00e3o mede esfor\u00e7os para entregar servi\u00e7os qualificados de sa\u00fade para a popula\u00e7\u00e3o. \u00c9 mais um compromisso desta gest\u00e3o com sa\u00fade de qualidade para a popula\u00e7\u00e3o\u201d, disse ao pedir empenho dos moradores na preserva\u00e7\u00e3o da unidade.<\/p>\n<p>&nbsp;<\/p>\n<p>Presidente da Associa\u00e7\u00e3o de Moradores do Conjunto Cravo Vermelho, Mauro Calonga, afirmou que os moradores estavam \u201cansiosos\u201d pela inaugura\u00e7\u00e3o do posto de sa\u00fade. Ele acredita que o espa\u00e7o vai garantir \u201catendimento com muita dignidade\u201d para a popula\u00e7\u00e3o do Cravo.<\/p>\n<p>&nbsp;<\/p>\n<p>Com a entrada em funcionamento da unidade de sa\u00fade \u2013 das 07h \u00e0s 11h e das 13h \u00e0s 17 horas \u2013, o prefeito Marcelo Iunes salientou que a popula\u00e7\u00e3o ter\u00e1 atendimento digno e de qualidade. O chefe do Executivo corumbaense ressaltou que a Unidade B\u00e1sica de Sa\u00fade a principal porta de entrada da rede de sa\u00fade. NA UBS s\u00e3o oferecidos servi\u00e7os de consultas m\u00e9dicas, inala\u00e7\u00f5es, inje\u00e7\u00f5es, curativos, vacinas, coleta de exames laboratoriais, encaminhamentos para especialidades e fornecimento de medica\u00e7\u00e3o b\u00e1sica.<\/p>\n<p>&nbsp;<\/p>\n<p>Iunes destacou que os profissionais de sa\u00fade do Munic\u00edpio \u201ctrabalham pelo bem estar da popula\u00e7\u00e3o\u201d e agradeceu o apoio da C\u00e2mara Municipal \u201csempre disposta a apoiar as a\u00e7\u00f5es em prol do desenvolvimento de Corumb\u00e1 e melhoria da qualidade de vida da popula\u00e7\u00e3o\u201d. O prefeito tamb\u00e9m ressaltou a homenagem ao m\u00e9dico Walter Vict\u00f3rio, falecido em agosto deste ano. \u201c\u00c9 mais do que justa esta homenagem, o doutor Walter dedicou sua vida a Medicina em Corumb\u00e1 e agora ser\u00e1 lembrado para sempre\u201d, finalizou.<\/p>\n<p>&nbsp;<\/p>\n<p>Participaram da solenidade o secret\u00e1rio Especial de Seguran\u00e7a P\u00fablica e Defesa Social, C\u00e9sar Freitas Duarte; o chefe da Casa Civil, Luiz Ant\u00f4nio da Silva; o subsecret\u00e1rio municipalde Sa\u00fade, F\u00e1bio Mandu; o subsecret\u00e1rio municipal de Desenvolvimento Econ\u00f4mico e Sustent\u00e1vel, Luciano Aguilar Leite; e os vereadores Crist\u00f3v\u00e3o Rodrigues, Manoel Rodrigues e Andr\u00e9 da Farm\u00e1cia.<\/p>\n","protected":false},"excerpt":{"rendered":"<p>A Unidade B\u00e1sica de Sa\u00fade da Fam\u00edlia (UBSF) Doutor Walter Vict\u00f3rio, no conjunto Cravo Vermelho,&#8230;<\/p>\n","protected":false},"author":1,"featured_media":22887,"comment_status":"closed","ping_status":"closed","sticky":false,"template":"","format":"standard","meta":{"footnotes":""},"categories":[8,21],"tags":[],"class_list":["post-22886","post","type-post","status-publish","format-standard","has-post-thumbnail","hentry","category-destaque","category-saude"],"_links":{"self":[{"href":"https:\/\/www.corumbaonline.com.br\/news\/wp-json\/wp\/v2\/posts\/22886","targetHints":{"allow":["GET"]}}],"collection":[{"href":"https:\/\/www.corumbaonline.com.br\/news\/wp-json\/wp\/v2\/posts"}],"about":[{"href":"https:\/\/www.corumbaonline.com.br\/news\/wp-json\/wp\/v2\/types\/post"}],"author":[{"embeddable":true,"href":"https:\/\/www.corumbaonline.com.br\/news\/wp-json\/wp\/v2\/users\/1"}],"replies":[{"embeddable":true,"href":"https:\/\/www.corumbaonline.com.br\/news\/wp-json\/wp\/v2\/comments?post=22886"}],"version-history":[{"count":1,"href":"https:\/\/www.corumbaonline.com.br\/news\/wp-json\/wp\/v2\/posts\/22886\/revisions"}],"predecessor-version":[{"id":22888,"href":"https:\/\/www.corumbaonline.com.br\/news\/wp-json\/wp\/v2\/posts\/22886\/revisions\/22888"}],"wp:featuredmedia":[{"embeddable":true,"href":"https:\/\/www.corumbaonline.com.br\/news\/wp-json\/wp\/v2\/media\/22887"}],"wp:attachment":[{"href":"https:\/\/www.corumbaonline.com.br\/news\/wp-json\/wp\/v2\/media?parent=22886"}],"wp:term":[{"taxonomy":"category","embeddable":true,"href":"https:\/\/www.corumbaonline.com.br\/news\/wp-json\/wp\/v2\/categories?post=22886"},{"taxonomy":"post_tag","embeddable":true,"href":"https:\/\/www.corumbaonline.com.br\/news\/wp-json\/wp\/v2\/tags?post=22886"}],"curies":[{"name":"wp","href":"https:\/\/api.w.org\/{rel}","templated":true}]}}