{"id":22905,"date":"2018-09-24T12:20:34","date_gmt":"2018-09-24T16:20:34","guid":{"rendered":"http:\/\/www.corumbaonline.com.br\/news\/?p=22905"},"modified":"2018-09-24T12:28:56","modified_gmt":"2018-09-24T16:28:56","slug":"cristiano-ronaldo-nao-vai-comparecer-a-cerimonia-de-entrega-do-premio-fifa-the-best","status":"publish","type":"post","link":"https:\/\/www.corumbaonline.com.br\/news\/cristiano-ronaldo-nao-vai-comparecer-a-cerimonia-de-entrega-do-premio-fifa-the-best\/","title":{"rendered":"Cristiano Ronaldo n\u00e3o vai comparecer \u00e0 cerim\u00f4nia de entrega do pr\u00eamio Fifa The Best"},"content":{"rendered":"<div data-block-type=\"unstyled\" data-block-weight=\"33\" data-block-id=\"1\">\n<p data-track-category=\"Link no Texto\" data-track-links=\"\">Um dos tr\u00eas finalistas ao pr\u00eamio de melhor jogador do mundo, Cristiano Ronaldo n\u00e3o vai comparecer \u00e0 entrega do Fifa The Best. A informa\u00e7\u00e3o foi publicada pelo jornal &#8220;Marca&#8221; e confirmada pelo Globoesporte.com.<\/p>\n<\/div>\n<div>\n<div data-block-type=\"unstyled\" data-block-weight=\"26\" data-block-id=\"2\">\n<p data-track-category=\"Link no Texto\" data-track-links=\"\">Nos bastidores,\u00a0cresce o rumor de que o portugu\u00eas n\u00e3o vai \u00e0 capital inglesa por n\u00e3o ter vencido o pr\u00eamio, que teria ficado com Luka Modric.<\/p>\n<p data-track-category=\"Link no Texto\" data-track-links=\"\">O estafe do jogador alega que CR7 n\u00e3o vai participar da cerim\u00f4nia por conta do calend\u00e1rio &#8211; o portugu\u00eas atuou no \u00faltimo domingo, na\u00a0vit\u00f3ria da Juventus sobre o Frosinone\u00a0por 2 a 0, e volta a campo na quarta, no duelo com o Bologna.<\/p>\n<div>\n<div data-block-type=\"unstyled\" data-block-weight=\"40\" data-block-id=\"6\">\n<p data-track-category=\"Link no Texto\" data-track-links=\"\">O vencedor ser\u00e1 conhecido nesta segunda-feira, na cerim\u00f4nia marcada para come\u00e7ar \u00e0s 15h30 (hor\u00e1rio de Bras\u00edlia) no Royal Festival Hall, em Londres.<\/p>\n<\/div>\n<\/div>\n<div data-track-category=\"fim do conteudo\" data-track-action=\"ultimo chunk conteudo\" data-track-noninteraction=\"false\" data-track-scroll=\"entrada completa viewport\">\n<div data-block-type=\"unstyled\" data-block-weight=\"43\" data-block-id=\"7\">\n<p data-track-category=\"Link no Texto\" data-track-links=\"\">A aus\u00eancia do craque portugu\u00eas, no entanto,\u00a0ainda n\u00e3o foi confirmada oficialmente. Outro que n\u00e3o deve participar da cerim\u00f4nia \u00e9 Lionel Messi, de acordo com a imprensa espanhola. O argentino concorre a uma das vagas na sele\u00e7\u00e3o da temporada e ao Pr\u00eamio Puskas.<\/p>\n<\/div>\n<\/div>\n<\/div>\n<\/div>\n","protected":false},"excerpt":{"rendered":"<p>Um dos tr\u00eas finalistas ao pr\u00eamio de melhor jogador do mundo, Cristiano Ronaldo n\u00e3o vai&#8230;<\/p>\n","protected":false},"author":1,"featured_media":0,"comment_status":"closed","ping_status":"closed","sticky":false,"template":"","format":"standard","meta":{"footnotes":""},"categories":[11],"tags":[],"class_list":["post-22905","post","type-post","status-publish","format-standard","hentry","category-esporte"],"_links":{"self":[{"href":"https:\/\/www.corumbaonline.com.br\/news\/wp-json\/wp\/v2\/posts\/22905","targetHints":{"allow":["GET"]}}],"collection":[{"href":"https:\/\/www.corumbaonline.com.br\/news\/wp-json\/wp\/v2\/posts"}],"about":[{"href":"https:\/\/www.corumbaonline.com.br\/news\/wp-json\/wp\/v2\/types\/post"}],"author":[{"embeddable":true,"href":"https:\/\/www.corumbaonline.com.br\/news\/wp-json\/wp\/v2\/users\/1"}],"replies":[{"embeddable":true,"href":"https:\/\/www.corumbaonline.com.br\/news\/wp-json\/wp\/v2\/comments?post=22905"}],"version-history":[{"count":1,"href":"https:\/\/www.corumbaonline.com.br\/news\/wp-json\/wp\/v2\/posts\/22905\/revisions"}],"predecessor-version":[{"id":22906,"href":"https:\/\/www.corumbaonline.com.br\/news\/wp-json\/wp\/v2\/posts\/22905\/revisions\/22906"}],"wp:attachment":[{"href":"https:\/\/www.corumbaonline.com.br\/news\/wp-json\/wp\/v2\/media?parent=22905"}],"wp:term":[{"taxonomy":"category","embeddable":true,"href":"https:\/\/www.corumbaonline.com.br\/news\/wp-json\/wp\/v2\/categories?post=22905"},{"taxonomy":"post_tag","embeddable":true,"href":"https:\/\/www.corumbaonline.com.br\/news\/wp-json\/wp\/v2\/tags?post=22905"}],"curies":[{"name":"wp","href":"https:\/\/api.w.org\/{rel}","templated":true}]}}