{"id":22939,"date":"2018-09-25T10:23:02","date_gmt":"2018-09-25T14:23:02","guid":{"rendered":"http:\/\/www.corumbaonline.com.br\/news\/?p=22939"},"modified":"2018-09-26T12:09:21","modified_gmt":"2018-09-26T16:09:21","slug":"estacao-natureza-pantanal-encerra-atividades-em-corumba","status":"publish","type":"post","link":"https:\/\/www.corumbaonline.com.br\/news\/estacao-natureza-pantanal-encerra-atividades-em-corumba\/","title":{"rendered":"Esta\u00e7\u00e3o Natureza Pantanal encerra atividades em Corumb\u00e1"},"content":{"rendered":"<p>Nos meses de outubro e novembro, a Mostra e Oficina sobre Reciclagem e Boas Pr\u00e1ticas de Conserva\u00e7\u00e3o marcar\u00e1 o encerramento das atividades da Esta\u00e7\u00e3o Natureza Pantanal na cidade de Corumb\u00e1 (MS). Instalado h\u00e1 12 anos no local, o projeto mantido pela Funda\u00e7\u00e3o Grupo Botic\u00e1rio de Prote\u00e7\u00e3o \u00e0 Natureza teve como principal marco a dissemina\u00e7\u00e3o da cultura pantaneira para o Brasil e para o mundo.<\/p>\n<p>A Esta\u00e7\u00e3o Natureza serviu como espa\u00e7o did\u00e1tico para cerca de 113 mil alunos de 150 institui\u00e7\u00f5es de ensino p\u00fablicas e particulares. As visitas no espa\u00e7o para explorar o bioma pantaneiro faziam parte do cronograma anual escolar e impactaram 100% das escolas da regi\u00e3o. \u201cAo criarmos o espa\u00e7o, nosso intuito era justamente esse: sensibilizar e trazer conhecimento de uma \u00e1rea t\u00e3o importante para o meio ambiente brasileiro. Nesses anos todos, fomos al\u00e9m da conserva\u00e7\u00e3o e usamos as mostras para disseminar a cultura, tanto para os estudantes quanto para os demais visitantes\u201d, declara a diretora-executiva da Funda\u00e7\u00e3o Grupo Botic\u00e1rio, Malu Nunes.<\/p>\n<p>Desde a sua cria\u00e7\u00e3o, a Esta\u00e7\u00e3o Natureza Pantanal esteve localizada em um pr\u00e9dio hist\u00f3rico tombado de Corumb\u00e1. O sucesso do projeto fez com que ele fosse inserido na rota tur\u00edstica da cidade. Al\u00e9m disso, a iniciativa serviu como modelo e inspira\u00e7\u00e3o para outras institui\u00e7\u00f5es \u2013 nacionais e estrangeiras \u2013 que tamb\u00e9m promovem a\u00e7\u00f5es de conserva\u00e7\u00e3o da natureza, como a WWF Bol\u00edvia. \u201cTemos orgulho de termos atra\u00eddo e sensibilizado, nesses 12 anos de hist\u00f3ria, cerca de 170 mil pessoas de todos os estados do Brasil e de 50 pa\u00edses sobre a import\u00e2ncia do Pantanal e da conserva\u00e7\u00e3o desta imensa plan\u00edcie alag\u00e1vel. Fica a certeza do legado que deixamos para os moradores da regi\u00e3o e para todos que conheceram nosso trabalho\u201d, comemora Malu, explicando que a decis\u00e3o pela descontinuidade do projeto veio a partir da revis\u00e3o da estrat\u00e9gia da institui\u00e7\u00e3o.<\/p>\n<figure id=\"attachment_23000\" aria-describedby=\"caption-attachment-23000\" style=\"width: 504px\" class=\"wp-caption alignleft\"><a href=\"https:\/\/www.corumbaonline.com.br\/news\/wp-content\/uploads\/2018\/09\/foto112139.jpg\"><img loading=\"lazy\" decoding=\"async\" class=\"size-full wp-image-23000\" src=\"https:\/\/www.corumbaonline.com.br\/news\/wp-content\/uploads\/2018\/09\/foto112139.jpg\" alt=\"\" width=\"504\" height=\"336\" srcset=\"https:\/\/www.corumbaonline.com.br\/news\/wp-content\/uploads\/2018\/09\/foto112139.jpg 504w, https:\/\/www.corumbaonline.com.br\/news\/wp-content\/uploads\/2018\/09\/foto112139-300x200.jpg 300w\" sizes=\"auto, (max-width: 504px) 100vw, 504px\" \/><\/a><figcaption id=\"caption-attachment-23000\" class=\"wp-caption-text\">O sucesso do projeto fez com que ele fosse inserido na rota tur\u00edstica de Corumb\u00e1 (Foto: Na\u00edra de Zayas)<\/figcaption><\/figure>\n<p><strong>\u00daltima mostra<\/strong><\/p>\n<p>A Mostra e Oficina sobre Reciclagem e Boas Pr\u00e1ticas de Conserva\u00e7\u00e3o iniciar\u00e1 em 1\u00ba de outubro e seguir\u00e1 at\u00e9 30 de novembro, quando a exposi\u00e7\u00e3o permanente ser\u00e1 desmontada e a Esta\u00e7\u00e3o Natureza Pantanal fechar\u00e1 ao p\u00fablico. A mostra ser\u00e1 promovida em parceria com a\u00a0Funda\u00e7\u00e3o de Meio Ambiente de Corumb\u00e1 e trar\u00e1 oficinas de educa\u00e7\u00e3o ambiental, palestras e visitas em campo para valorizar a conserva\u00e7\u00e3o da plan\u00edcie pantaneira. Neste per\u00edodo, uma linha do tempo trar\u00e1 as principais iniciativas da Esta\u00e7\u00e3o Natureza. Confira algumas delas:<\/p>\n<p>&#8211; Parceria com cerca de 20 entidades p\u00fablicas e privadas para realiza\u00e7\u00e3o de atividades e eventos;<\/p>\n<p>&#8211; Cria\u00e7\u00e3o e fortalecimento de um programa de voluntariado, sustentado durante os 12 anos, com mais de 100 volunt\u00e1rios no total;<\/p>\n<p>&#8211; Realiza\u00e7\u00e3o de 66 eventos sobre conserva\u00e7\u00e3o e cultura do povo pantaneiro, como semanas acad\u00eamicas, mostras de artes, exposi\u00e7\u00f5es tempor\u00e1rias, a\u00e7\u00f5es em eventos de parceiros etc. Entre as exposi\u00e7\u00f5es est\u00e3o: Ariranhas, Tatus, Aves Migrat\u00f3rias, Morcegos, Homem Pantaneiro, Anf\u00edbios, Serpentes, Lendas e Contos Pantaneiros, e Queimadas.<\/p>\n","protected":false},"excerpt":{"rendered":"<p>Nos meses de outubro e novembro, a Mostra e Oficina sobre Reciclagem e Boas Pr\u00e1ticas&#8230;<\/p>\n","protected":false},"author":1,"featured_media":22998,"comment_status":"closed","ping_status":"closed","sticky":false,"template":"","format":"standard","meta":{"footnotes":""},"categories":[7,8],"tags":[],"class_list":["post-22939","post","type-post","status-publish","format-standard","has-post-thumbnail","hentry","category-cultura","category-destaque"],"_links":{"self":[{"href":"https:\/\/www.corumbaonline.com.br\/news\/wp-json\/wp\/v2\/posts\/22939","targetHints":{"allow":["GET"]}}],"collection":[{"href":"https:\/\/www.corumbaonline.com.br\/news\/wp-json\/wp\/v2\/posts"}],"about":[{"href":"https:\/\/www.corumbaonline.com.br\/news\/wp-json\/wp\/v2\/types\/post"}],"author":[{"embeddable":true,"href":"https:\/\/www.corumbaonline.com.br\/news\/wp-json\/wp\/v2\/users\/1"}],"replies":[{"embeddable":true,"href":"https:\/\/www.corumbaonline.com.br\/news\/wp-json\/wp\/v2\/comments?post=22939"}],"version-history":[{"count":3,"href":"https:\/\/www.corumbaonline.com.br\/news\/wp-json\/wp\/v2\/posts\/22939\/revisions"}],"predecessor-version":[{"id":23001,"href":"https:\/\/www.corumbaonline.com.br\/news\/wp-json\/wp\/v2\/posts\/22939\/revisions\/23001"}],"wp:featuredmedia":[{"embeddable":true,"href":"https:\/\/www.corumbaonline.com.br\/news\/wp-json\/wp\/v2\/media\/22998"}],"wp:attachment":[{"href":"https:\/\/www.corumbaonline.com.br\/news\/wp-json\/wp\/v2\/media?parent=22939"}],"wp:term":[{"taxonomy":"category","embeddable":true,"href":"https:\/\/www.corumbaonline.com.br\/news\/wp-json\/wp\/v2\/categories?post=22939"},{"taxonomy":"post_tag","embeddable":true,"href":"https:\/\/www.corumbaonline.com.br\/news\/wp-json\/wp\/v2\/tags?post=22939"}],"curies":[{"name":"wp","href":"https:\/\/api.w.org\/{rel}","templated":true}]}}