{"id":22943,"date":"2018-09-25T10:54:39","date_gmt":"2018-09-25T14:54:39","guid":{"rendered":"http:\/\/www.corumbaonline.com.br\/news\/?p=22943"},"modified":"2018-09-27T09:20:34","modified_gmt":"2018-09-27T13:20:34","slug":"mec-habilita-faculdade-particular-para-implantar-curso-de-medicina-em-corumba","status":"publish","type":"post","link":"https:\/\/www.corumbaonline.com.br\/news\/mec-habilita-faculdade-particular-para-implantar-curso-de-medicina-em-corumba\/","title":{"rendered":"MEC habilita faculdade particular para implantar curso de Medicina em Corumb\u00e1"},"content":{"rendered":"<p>O resultado preliminar da chamada p\u00fablica de mantenedoras de Institui\u00e7\u00f5es de Educa\u00e7\u00e3o Superior (IES) do Sistema Federal de Ensino, para sele\u00e7\u00e3o de propostas para autoriza\u00e7\u00e3o de funcionamento de curso de Medicina por institui\u00e7\u00f5es privadas apontou uma institui\u00e7\u00e3o habilitada para instalar o curso em Corumb\u00e1. A divulga\u00e7\u00e3o foi feita pela Secretaria de Regula\u00e7\u00e3o e Supervis\u00e3o da Educa\u00e7\u00e3o Superior (SERES), do Minist\u00e9rio da Educa\u00e7\u00e3o (MEC), conforme as bases do Edital n\u00ba 01, de 28 de mar\u00e7o de 2018.<\/p>\n<p>&nbsp;<\/p>\n<p>De acordo com SERES, o Centro de Ensino Superior de Maring\u00e1 LTDA (Cesumar\/Unicesumar) foi habilitado para instalar o curso de Medicina em Corumb\u00e1. \u00a0Reconhecida nacionalmente por sua qualidade educacional, o Cesumar\/Unicesumar est\u00e1 entre 4% das melhores institui\u00e7\u00f5es do Brasil, destacando-se como o melhor Centro Universit\u00e1rio do sul do pa\u00eds. Na \u00faltima avalia\u00e7\u00e3o do MEC, a Unicesumar \u2013 mantida pelo manteve IGC 4 (\u00cdndice Geral de Cursos \u2013 que vai de 1 a 5); resultado conquistado por sete anos consecutivos.<\/p>\n<p>&nbsp;<\/p>\n<p>Outras quatro institui\u00e7\u00f5es apresentaram propostas, mas foram desclassificadas nas etapas seguintes de an\u00e1lise documental inicial; an\u00e1lise da capacidade econ\u00f4mico-financeira da mantenedora ou an\u00e1lise de m\u00e9rito e pertin\u00eancia da proposta. O prazo recursal expirou em 21 de setembro. A homologa\u00e7\u00e3o do resultado final, segundo o edital, est\u00e1 programada para 28 de dezembro deste ano.<\/p>\n<p>&nbsp;<\/p>\n<p>\u201cTivemos nesse m\u00eas de anivers\u00e1rio de Corumb\u00e1, a divulga\u00e7\u00e3o da institui\u00e7\u00e3o que foi contemplada com a possibilidade de abertura do curso de Medicina em nossa cidade. A Cesumar, institui\u00e7\u00e3o do Paran\u00e1, foi habilitada. Seu reitor j\u00e1 entrou em contato para agendar uma visita para iniciarmos a implanta\u00e7\u00e3o da faculdade em Corumb\u00e1\u201d, disse o secret\u00e1rio Municipal de Sa\u00fade, Rog\u00e9rio dos Santos Leite.<\/p>\n<p>&nbsp;<\/p>\n<p>O secret\u00e1rio destacou que a implanta\u00e7\u00e3o do curso de Medicina al\u00e9m de concretizar \u201cum sonho de Corumb\u00e1\u201d e \u201ccontemplar\u00e1 a nossa regi\u00e3o, com uma rede de sa\u00fade mais completa. Ganharemos em servi\u00e7o, recursos humanos e formata\u00e7\u00e3o da rede, com a vinda e forma\u00e7\u00e3o, em alguns anos, de profissionais que far\u00e3o Corumb\u00e1 atingir um patamar mais alto na resolutividade e complexidade em sa\u00fade\u201d, completou o titular da Secretaria Municipal de Sa\u00fade.<\/p>\n<p>&nbsp;<\/p>\n<p>Desde novembro do ano passado, quando assumiu a Administra\u00e7\u00e3o Municipal, o prefeito Marcelo Iunes vem trabalhando pela libera\u00e7\u00e3o do funcionamento do curso de Medicina, oferecido por institui\u00e7\u00e3o de educa\u00e7\u00e3o superior privada. Um dos primeiros compromissos de Iunes no comando da Prefeitura de Corumb\u00e1 foi articular uma reuni\u00e3o em Bras\u00edlia, com a bancada federal sul-mato-grossense, para tratar da quest\u00e3o.<\/p>\n<p>&nbsp;<\/p>\n<p>O chefe do Executivo afirmou que a implanta\u00e7\u00e3o do curso em Corumb\u00e1 transformar\u00e1 o munic\u00edpio num \u201cgrande polo educacional\u201d e colocar\u00e1 a cidade em \u201cum novo patamar na sa\u00fade p\u00fablica do pa\u00eds\u201d, al\u00e9m de proporcionar a \u201cgera\u00e7\u00e3o de renda e recursos para a economia corumbaense\u201d.<\/p>\n","protected":false},"excerpt":{"rendered":"<p>O resultado preliminar da chamada p\u00fablica de mantenedoras de Institui\u00e7\u00f5es de Educa\u00e7\u00e3o Superior (IES) do&#8230;<\/p>\n","protected":false},"author":1,"featured_media":22944,"comment_status":"closed","ping_status":"closed","sticky":false,"template":"","format":"standard","meta":{"footnotes":""},"categories":[10,21],"tags":[],"class_list":["post-22943","post","type-post","status-publish","format-standard","has-post-thumbnail","hentry","category-educacao","category-saude"],"_links":{"self":[{"href":"https:\/\/www.corumbaonline.com.br\/news\/wp-json\/wp\/v2\/posts\/22943","targetHints":{"allow":["GET"]}}],"collection":[{"href":"https:\/\/www.corumbaonline.com.br\/news\/wp-json\/wp\/v2\/posts"}],"about":[{"href":"https:\/\/www.corumbaonline.com.br\/news\/wp-json\/wp\/v2\/types\/post"}],"author":[{"embeddable":true,"href":"https:\/\/www.corumbaonline.com.br\/news\/wp-json\/wp\/v2\/users\/1"}],"replies":[{"embeddable":true,"href":"https:\/\/www.corumbaonline.com.br\/news\/wp-json\/wp\/v2\/comments?post=22943"}],"version-history":[{"count":1,"href":"https:\/\/www.corumbaonline.com.br\/news\/wp-json\/wp\/v2\/posts\/22943\/revisions"}],"predecessor-version":[{"id":22945,"href":"https:\/\/www.corumbaonline.com.br\/news\/wp-json\/wp\/v2\/posts\/22943\/revisions\/22945"}],"wp:featuredmedia":[{"embeddable":true,"href":"https:\/\/www.corumbaonline.com.br\/news\/wp-json\/wp\/v2\/media\/22944"}],"wp:attachment":[{"href":"https:\/\/www.corumbaonline.com.br\/news\/wp-json\/wp\/v2\/media?parent=22943"}],"wp:term":[{"taxonomy":"category","embeddable":true,"href":"https:\/\/www.corumbaonline.com.br\/news\/wp-json\/wp\/v2\/categories?post=22943"},{"taxonomy":"post_tag","embeddable":true,"href":"https:\/\/www.corumbaonline.com.br\/news\/wp-json\/wp\/v2\/tags?post=22943"}],"curies":[{"name":"wp","href":"https:\/\/api.w.org\/{rel}","templated":true}]}}