{"id":22962,"date":"2018-09-25T15:30:16","date_gmt":"2018-09-25T19:30:16","guid":{"rendered":"http:\/\/www.corumbaonline.com.br\/news\/?p=22962"},"modified":"2018-09-26T16:41:06","modified_gmt":"2018-09-26T20:41:06","slug":"copa-integracao-de-futebol-tem-saldo-positivo-avalia-presidente-da-funec","status":"publish","type":"post","link":"https:\/\/www.corumbaonline.com.br\/news\/copa-integracao-de-futebol-tem-saldo-positivo-avalia-presidente-da-funec\/","title":{"rendered":"Copa Integra\u00e7\u00e3o de Futebol tem saldo positivo, avalia presidente da Funec"},"content":{"rendered":"<p>A Copa Integra\u00e7\u00e3o finalizada no \u00faltimo domingo, dia 23 de setembro, com a decis\u00e3o do Centro Esportivo do Bairro Dom Bosco, teve saldo positivo tanto na parte t\u00e9cnica quanto na participa\u00e7\u00e3o popular. A avalia\u00e7\u00e3o \u00e9 do diretor-presidente da Funda\u00e7\u00e3o de Esportes de Corumb\u00e1 (FUNEC), Silvino Rodrigues.<\/p>\n<p>&nbsp;<\/p>\n<p>\u201cValeu a pena o empenho e a determina\u00e7\u00e3o do prefeito Marcelo Iunes em realizar a Copa Integra\u00e7\u00e3o nos cinco polos da cidade, com boa premia\u00e7\u00e3o e total responsabilidade dos seus coordenadores. O n\u00edvel das equipes foi considerado de excelente qualidade, em se tratando principalmente no incremento do futebol amador da nossa cidade\u201d, comentou Silvino.<\/p>\n<p>&nbsp;<\/p>\n<p>Em todos os polos foram entregues a premia\u00e7\u00e3o em dinheiro no valor de R$ 2.400,00 para o campe\u00e3o e R$ 1.200,00 para o segundo colocado al\u00e9m de medalhas e trof\u00e9us. Ao final da temporada, os polos consagraram os seus campe\u00f5es, ficando assim distribu\u00eddos:<\/p>\n<p>&nbsp;<\/p>\n<p><strong>Polo Paiolzinho<\/strong><\/p>\n<p>Campe\u00e3o: Bol\u00edvar<\/p>\n<p>Vice: Taquaral<\/p>\n<p>&nbsp;<\/p>\n<p><strong>Polo Primavera<\/strong><\/p>\n<p>Campe\u00e3o: Galactos (Bi-campe\u00e3o)<\/p>\n<p>Vice: Primavera<\/p>\n<p>&nbsp;<\/p>\n<p><strong>Polo Universit\u00e1rio<\/strong><\/p>\n<p>Campe\u00e3o: Bar\u00e3o (Bi-campe\u00e3o)<\/p>\n<p>Vice: Universit\u00e1rio<\/p>\n<p>&nbsp;<\/p>\n<p><strong>Polo Cravo Vermelho<\/strong><\/p>\n<p>Campe\u00e3o: Fam\u00edlia Moraes<\/p>\n<p>Vice: Santa Catarina<\/p>\n<p>&nbsp;<\/p>\n<p><strong>Polo Dom Bosco<\/strong><\/p>\n<p>Campe\u00e3o: Mundial<\/p>\n<p>Vice: A. Castro<\/p>\n<p>&nbsp;<\/p>\n<p><strong>Projeto 2019<\/strong><\/p>\n<p>&nbsp;<\/p>\n<p>A Prefeitura de Corumb\u00e1, atrav\u00e9s da FUNEC, prepara para 2019 um campeonato ainda mais estruturado com incremento na premia\u00e7\u00e3o e possibilitando a participa\u00e7\u00e3o de mais equipes. \u201cQuanto mais estimularmos a participa\u00e7\u00e3o de equipes, mais revela\u00e7\u00f5es teremos para o futebol profissional. Esse \u00e9 um dos principais objetivos da Copa Integra\u00e7\u00e3o, queremos estimular a participa\u00e7\u00e3o de novas equipes nas cinco competi\u00e7\u00f5es para podermos rever os nossos craques j\u00e1 conhecidos e come\u00e7armos a descobrir outros talentos que possam servir no futuro ao Corumbaense Futebol Clube, quem sabe numa grande competi\u00e7\u00e3o nacional\u201d, garantiu o prefeito Marcelo Iunes.<\/p>\n","protected":false},"excerpt":{"rendered":"<p>A Copa Integra\u00e7\u00e3o finalizada no \u00faltimo domingo, dia 23 de setembro, com a decis\u00e3o do&#8230;<\/p>\n","protected":false},"author":1,"featured_media":22963,"comment_status":"closed","ping_status":"closed","sticky":false,"template":"","format":"standard","meta":{"footnotes":""},"categories":[11],"tags":[],"class_list":["post-22962","post","type-post","status-publish","format-standard","has-post-thumbnail","hentry","category-esporte"],"_links":{"self":[{"href":"https:\/\/www.corumbaonline.com.br\/news\/wp-json\/wp\/v2\/posts\/22962","targetHints":{"allow":["GET"]}}],"collection":[{"href":"https:\/\/www.corumbaonline.com.br\/news\/wp-json\/wp\/v2\/posts"}],"about":[{"href":"https:\/\/www.corumbaonline.com.br\/news\/wp-json\/wp\/v2\/types\/post"}],"author":[{"embeddable":true,"href":"https:\/\/www.corumbaonline.com.br\/news\/wp-json\/wp\/v2\/users\/1"}],"replies":[{"embeddable":true,"href":"https:\/\/www.corumbaonline.com.br\/news\/wp-json\/wp\/v2\/comments?post=22962"}],"version-history":[{"count":1,"href":"https:\/\/www.corumbaonline.com.br\/news\/wp-json\/wp\/v2\/posts\/22962\/revisions"}],"predecessor-version":[{"id":22964,"href":"https:\/\/www.corumbaonline.com.br\/news\/wp-json\/wp\/v2\/posts\/22962\/revisions\/22964"}],"wp:featuredmedia":[{"embeddable":true,"href":"https:\/\/www.corumbaonline.com.br\/news\/wp-json\/wp\/v2\/media\/22963"}],"wp:attachment":[{"href":"https:\/\/www.corumbaonline.com.br\/news\/wp-json\/wp\/v2\/media?parent=22962"}],"wp:term":[{"taxonomy":"category","embeddable":true,"href":"https:\/\/www.corumbaonline.com.br\/news\/wp-json\/wp\/v2\/categories?post=22962"},{"taxonomy":"post_tag","embeddable":true,"href":"https:\/\/www.corumbaonline.com.br\/news\/wp-json\/wp\/v2\/tags?post=22962"}],"curies":[{"name":"wp","href":"https:\/\/api.w.org\/{rel}","templated":true}]}}