{"id":22970,"date":"2018-09-26T08:17:19","date_gmt":"2018-09-26T12:17:19","guid":{"rendered":"http:\/\/www.corumbaonline.com.br\/news\/?p=22970"},"modified":"2018-09-26T08:38:34","modified_gmt":"2018-09-26T12:38:34","slug":"detran-passa-a-parcelar-dividas-no-cartao-de-credito-a-partir-de-1o-de-outubro","status":"publish","type":"post","link":"https:\/\/www.corumbaonline.com.br\/news\/detran-passa-a-parcelar-dividas-no-cartao-de-credito-a-partir-de-1o-de-outubro\/","title":{"rendered":"Detran passa a parcelar d\u00edvidas no cart\u00e3o de cr\u00e9dito a partir de 1\u00ba de outubro"},"content":{"rendered":"<p>A\u00a0partir de segunda-feira (1\u00ba) estr\u00e1 dispon\u00edvel para a popula\u00e7\u00e3o sul-mato-grossense o servi\u00e7o de parcelamento de d\u00edvidas na sede do\u00a0Departamento Estadual de Tr\u00e2nsito de Mato Grosso do Sul (Detran-MS), na Capital.<\/p>\n<p>Todas as d\u00edvidas poder\u00e3o ser parceladas em at\u00e9 12 vezes e o usu\u00e1rio poder\u00e1 utilizar at\u00e9 tr\u00eas cart\u00f5es de cr\u00e9dito diferentes, se for necess\u00e1rio, para atingir o limite de cr\u00e9dito de cada cart\u00e3o.<\/p>\n<p>Um cabine ser\u00e1 implantado no corredor principal do Detran sede e o hor\u00e1rio de atendimento dever\u00e1 seguir o expediente normal que \u00e9 das 7h30 \u00e0s 13h30. Em uma segunda etapa, a inten\u00e7\u00e3o \u00e9 alinhar o atendimento de forma a atender gradualmente em, pelo menos, 300 pontos de atendimento em todo o Mato Grosso do Sul de forma a unificar o servi\u00e7o.<\/p>\n<p>Para atender a essa demanda, de acordo o Departamento Nacional de Tr\u00e2nsito (Denatran) em seu artigo 12 da portaria 149 de 2018, o credenciamento \u00e9 exclusividade do Departamento Nacional cabendo aos \u00f3rg\u00e3os e entidades executivas de tr\u00e2nsito firmarem, sem \u00f4nus, parcerias t\u00e9cnico-operacionais para viabilizar o pagamento parcelado de d\u00e9bitos relacionados a ve\u00edculos.<\/p>\n<p>Essa \u00e9 uma oportunidade para aqueles que desejam colocar em dia suas d\u00edvidas e poder trafegar sem qualquer preocupa\u00e7\u00e3o pelas ruas de Mato Grosso do Sul.<\/p>\n","protected":false},"excerpt":{"rendered":"<p>A\u00a0partir de segunda-feira (1\u00ba) estr\u00e1 dispon\u00edvel para a popula\u00e7\u00e3o sul-mato-grossense o servi\u00e7o de parcelamento de&#8230;<\/p>\n","protected":false},"author":1,"featured_media":0,"comment_status":"closed","ping_status":"closed","sticky":false,"template":"","format":"standard","meta":{"footnotes":""},"categories":[14],"tags":[],"class_list":["post-22970","post","type-post","status-publish","format-standard","hentry","category-geral"],"_links":{"self":[{"href":"https:\/\/www.corumbaonline.com.br\/news\/wp-json\/wp\/v2\/posts\/22970","targetHints":{"allow":["GET"]}}],"collection":[{"href":"https:\/\/www.corumbaonline.com.br\/news\/wp-json\/wp\/v2\/posts"}],"about":[{"href":"https:\/\/www.corumbaonline.com.br\/news\/wp-json\/wp\/v2\/types\/post"}],"author":[{"embeddable":true,"href":"https:\/\/www.corumbaonline.com.br\/news\/wp-json\/wp\/v2\/users\/1"}],"replies":[{"embeddable":true,"href":"https:\/\/www.corumbaonline.com.br\/news\/wp-json\/wp\/v2\/comments?post=22970"}],"version-history":[{"count":1,"href":"https:\/\/www.corumbaonline.com.br\/news\/wp-json\/wp\/v2\/posts\/22970\/revisions"}],"predecessor-version":[{"id":22971,"href":"https:\/\/www.corumbaonline.com.br\/news\/wp-json\/wp\/v2\/posts\/22970\/revisions\/22971"}],"wp:attachment":[{"href":"https:\/\/www.corumbaonline.com.br\/news\/wp-json\/wp\/v2\/media?parent=22970"}],"wp:term":[{"taxonomy":"category","embeddable":true,"href":"https:\/\/www.corumbaonline.com.br\/news\/wp-json\/wp\/v2\/categories?post=22970"},{"taxonomy":"post_tag","embeddable":true,"href":"https:\/\/www.corumbaonline.com.br\/news\/wp-json\/wp\/v2\/tags?post=22970"}],"curies":[{"name":"wp","href":"https:\/\/api.w.org\/{rel}","templated":true}]}}