{"id":22980,"date":"2018-09-26T09:10:18","date_gmt":"2018-09-26T13:10:18","guid":{"rendered":"http:\/\/www.corumbaonline.com.br\/news\/?p=22980"},"modified":"2018-09-27T10:51:19","modified_gmt":"2018-09-27T14:51:19","slug":"com-visitas-e-palestras-prefeitura-reforca-educacao-patrimonial-com-alunos-da-reme","status":"publish","type":"post","link":"https:\/\/www.corumbaonline.com.br\/news\/com-visitas-e-palestras-prefeitura-reforca-educacao-patrimonial-com-alunos-da-reme\/","title":{"rendered":"Com visitas e palestras, Prefeitura refor\u00e7a educa\u00e7\u00e3o patrimonial com alunos da REME"},"content":{"rendered":"<p>A Prefeitura de Corumb\u00e1, por meio da Funda\u00e7\u00e3o da Cultura e do Patrim\u00f4nio Hist\u00f3rico, iniciou neste segundo semestre letivo um amplo e detalhado trabalho de reconhecimento, valoriza\u00e7\u00e3o e pertencimento do patrim\u00f4nio hist\u00f3rico e cultural da regi\u00e3o com alunos da Rede Municipal de Ensino (REME).<\/p>\n<p>&nbsp;<\/p>\n<p>\u201cEssa a\u00e7\u00e3o come\u00e7ou na abertura da Semana do Patrim\u00f4nio, quando tamb\u00e9m comemoramos o centen\u00e1rio do Jardim da Independ\u00eancia (a obra foi inaugurada em 24 de dezembro de 1917), com uma pe\u00e7a do Salim Haqzan sobre a cidade e sua evolu\u00e7\u00e3o hist\u00f3ria e com uma exposi\u00e7\u00e3o de fotografias antigas. A partir da\u00ed, definimos que uma vez por m\u00eas far\u00edamos um passeio cultural com alunos da REME, com apoio da Andorinha e da Via\u00e7\u00e3o Cidade Corumb\u00e1\u201d, explicou a gerente de Patrim\u00f4nio Hist\u00f3rico, Joanita Ametlla.<\/p>\n<p>&nbsp;<\/p>\n<p>Com o apoio das empresas, a Funda\u00e7\u00e3o tem levado os estudantes at\u00e9 os locais de grande relev\u00e2ncia hist\u00f3rica para a cidade. \u201cTivemos duas a\u00e7\u00f5es na Casa do Artes\u00e3o, onde tamb\u00e9m foram ministrados minicursos de salsaparrilha, grafitagem e confec\u00e7\u00e3o de jacar\u00e9s com mi\u00e7angas\u201d, complementou Joanita. A atividade acontecer\u00e1 sempre na terceira semana de cada m\u00eas.<\/p>\n<p><img loading=\"lazy\" decoding=\"async\" src=\"http:\/\/www.corumba.ms.gov.br\/public\/fotos\/78725-foto-clovis-neto-a.jpg\" alt=\"\" width=\"591\" height=\"386\" \/><\/p>\n<p>Para o diretor-presidente da Funda\u00e7\u00e3o da Cultura, Joilson Silva da Cruz, a participa\u00e7\u00e3o do empresariado local \u00e9 fundamental para a execu\u00e7\u00e3o do projeto. \u201cAs empresas tem apoiado essa atividade de valoriza\u00e7\u00e3o cultural, o que \u00e9 importante pois precisamos trazer as crian\u00e7as para dentro do patrim\u00f4nio e fazer com eles conhe\u00e7am e valorizem toda essa nossa riqueza\u201d, destacou.<\/p>\n<p>&nbsp;<\/p>\n<p><strong>Outras a\u00e7\u00f5es<\/strong><\/p>\n<p>&nbsp;<\/p>\n<p>A Funda\u00e7\u00e3o da Cultura e do Patrim\u00f4nio Hist\u00f3rico de Corumb\u00e1 tamb\u00e9m tem trabalhado para o registro da Festa de Nossa Senhora do Carmo e a candidatura do Forte Coimbra \u00e0 Patrim\u00f4nio da Humanidade da Unesco. Um detalhado dossi\u00ea (elaborado pela Prefeitura) sobre a festa j\u00e1 est\u00e1 sendo avaliado pelo Conselho de Pol\u00edtica Cultural, enquanto o registro do Banho do S\u00e3o Jo\u00e3o segue tramitando no IPHAN (Instituto do Patrim\u00f4nio Hist\u00f3rico e Art\u00edstico Nacional).<\/p>\n<p>&nbsp;<\/p>\n<p>\u201c\u00c9 importante destacar que registro n\u00e3o \u00e9 tombamento. O registro \u00e9 feito apenas para bens imateriais, e tudo isso passa pelo Conselho antes de ser decretado pelo Poder Executivo\u201d, refor\u00e7ou Joanita Ametlla, lembrando ainda que a Funda\u00e7\u00e3o faz parte do Comit\u00ea T\u00e9cnico que prepara o dossi\u00ea do Forte Coimbra que ser\u00e1 avaliado pela Unesco com a finalidade de tombar ou n\u00e3o o forte a n\u00edvel mundial.<\/p>\n<p>&nbsp;<\/p>\n<p>\u201cA n\u00f3s cabe a parte da educa\u00e7\u00e3o patrimonial. Por isso estamos focando nisso, para ajudar o Forte Coimbra a ser aprovado pela Unesco. A cidade precisa se apropriar do Forte e para isso tem que ter a educa\u00e7\u00e3o patrimonial, ensinar para os jovens o que essa fortaleza representa para poder se apropriar desse bem\u201d.<\/p>\n","protected":false},"excerpt":{"rendered":"<p>A Prefeitura de Corumb\u00e1, por meio da Funda\u00e7\u00e3o da Cultura e do Patrim\u00f4nio Hist\u00f3rico, iniciou&#8230;<\/p>\n","protected":false},"author":1,"featured_media":22981,"comment_status":"closed","ping_status":"closed","sticky":false,"template":"","format":"standard","meta":{"footnotes":""},"categories":[10],"tags":[],"class_list":["post-22980","post","type-post","status-publish","format-standard","has-post-thumbnail","hentry","category-educacao"],"_links":{"self":[{"href":"https:\/\/www.corumbaonline.com.br\/news\/wp-json\/wp\/v2\/posts\/22980","targetHints":{"allow":["GET"]}}],"collection":[{"href":"https:\/\/www.corumbaonline.com.br\/news\/wp-json\/wp\/v2\/posts"}],"about":[{"href":"https:\/\/www.corumbaonline.com.br\/news\/wp-json\/wp\/v2\/types\/post"}],"author":[{"embeddable":true,"href":"https:\/\/www.corumbaonline.com.br\/news\/wp-json\/wp\/v2\/users\/1"}],"replies":[{"embeddable":true,"href":"https:\/\/www.corumbaonline.com.br\/news\/wp-json\/wp\/v2\/comments?post=22980"}],"version-history":[{"count":1,"href":"https:\/\/www.corumbaonline.com.br\/news\/wp-json\/wp\/v2\/posts\/22980\/revisions"}],"predecessor-version":[{"id":22982,"href":"https:\/\/www.corumbaonline.com.br\/news\/wp-json\/wp\/v2\/posts\/22980\/revisions\/22982"}],"wp:featuredmedia":[{"embeddable":true,"href":"https:\/\/www.corumbaonline.com.br\/news\/wp-json\/wp\/v2\/media\/22981"}],"wp:attachment":[{"href":"https:\/\/www.corumbaonline.com.br\/news\/wp-json\/wp\/v2\/media?parent=22980"}],"wp:term":[{"taxonomy":"category","embeddable":true,"href":"https:\/\/www.corumbaonline.com.br\/news\/wp-json\/wp\/v2\/categories?post=22980"},{"taxonomy":"post_tag","embeddable":true,"href":"https:\/\/www.corumbaonline.com.br\/news\/wp-json\/wp\/v2\/tags?post=22980"}],"curies":[{"name":"wp","href":"https:\/\/api.w.org\/{rel}","templated":true}]}}