{"id":22988,"date":"2018-09-26T09:50:16","date_gmt":"2018-09-26T13:50:16","guid":{"rendered":"http:\/\/www.corumbaonline.com.br\/news\/?p=22988"},"modified":"2018-09-26T11:27:07","modified_gmt":"2018-09-26T15:27:07","slug":"sobrecarga-em-tomada-provoca-incendio-em-residencia","status":"publish","type":"post","link":"https:\/\/www.corumbaonline.com.br\/news\/sobrecarga-em-tomada-provoca-incendio-em-residencia\/","title":{"rendered":"Sobrecarga em tomada provoca inc\u00eandio em resid\u00eancia"},"content":{"rendered":"<p>Por volta das 10 horas desta ter\u00e7a-feira, 25 de setembro, as viaturas de combate a inc\u00eandio do Corpo de Bombeiros Militar de Corumb\u00e1 se deslocaram at\u00e9 a rua XV de Novembro, no Cristo Redentor depois de receber informa\u00e7\u00e3o de que saia muita fuma\u00e7a de dentro de uma resid\u00eancia. Ao chegar ao local as chamas j\u00e1 haviam sido debeladas por um vizinho. Os bombeiros fizeram o rescaldo, a retirada do material e realizaram a ventila\u00e7\u00e3o do local devido a alta temperatura e a fuma\u00e7a existente na casa.<\/p>\n<p>As chamas danificaram um sof\u00e1, um rack, um aparelho de som e um carregador de celular. Todos os equipamentos estavam ligados em um multiplicador de tomada (T) que estava totalmente derretido. A propriet\u00e1ria relatou que tanto o aparelho de som como o carregador de celular costumam ficar diretos conectado no (T). Apos orienta\u00e7\u00e3o o local ficou aos cuidados da propriet\u00e1ria.<\/p>\n<p><strong>Bom Saber!<\/strong><\/p>\n<p>Dicas dos bombeiros para evitar esse tipo de acidente<\/p>\n<p>&#8211; Nunca ligue mais de um equipamento por tomada;<\/p>\n<p>&#8211; Evite usar multiplicadores de tomada, mas se precisar confira a capacidade e compare com a carga m\u00ednima exigida para cada equipamento;<\/p>\n<p>&#8211; N\u00e3o deixe fios em contato;<\/p>\n<p>&#8211; Cada equipamento a mais ligado ao multiplicador de tomadas, onde apenas um equipamento era esperado, sobrecarregar\u00e1 a tomada e os fios causando superaquecimento;<\/p>\n<p>&#8211; Se sentir cheiro de queimado, chame profissional para revisar a instala\u00e7\u00e3o el\u00e9trica.<\/p>\n","protected":false},"excerpt":{"rendered":"<p>Por volta das 10 horas desta ter\u00e7a-feira, 25 de setembro, as viaturas de combate a&#8230;<\/p>\n","protected":false},"author":1,"featured_media":0,"comment_status":"closed","ping_status":"closed","sticky":false,"template":"","format":"standard","meta":{"footnotes":""},"categories":[18],"tags":[],"class_list":["post-22988","post","type-post","status-publish","format-standard","hentry","category-seguranca"],"_links":{"self":[{"href":"https:\/\/www.corumbaonline.com.br\/news\/wp-json\/wp\/v2\/posts\/22988","targetHints":{"allow":["GET"]}}],"collection":[{"href":"https:\/\/www.corumbaonline.com.br\/news\/wp-json\/wp\/v2\/posts"}],"about":[{"href":"https:\/\/www.corumbaonline.com.br\/news\/wp-json\/wp\/v2\/types\/post"}],"author":[{"embeddable":true,"href":"https:\/\/www.corumbaonline.com.br\/news\/wp-json\/wp\/v2\/users\/1"}],"replies":[{"embeddable":true,"href":"https:\/\/www.corumbaonline.com.br\/news\/wp-json\/wp\/v2\/comments?post=22988"}],"version-history":[{"count":1,"href":"https:\/\/www.corumbaonline.com.br\/news\/wp-json\/wp\/v2\/posts\/22988\/revisions"}],"predecessor-version":[{"id":22989,"href":"https:\/\/www.corumbaonline.com.br\/news\/wp-json\/wp\/v2\/posts\/22988\/revisions\/22989"}],"wp:attachment":[{"href":"https:\/\/www.corumbaonline.com.br\/news\/wp-json\/wp\/v2\/media?parent=22988"}],"wp:term":[{"taxonomy":"category","embeddable":true,"href":"https:\/\/www.corumbaonline.com.br\/news\/wp-json\/wp\/v2\/categories?post=22988"},{"taxonomy":"post_tag","embeddable":true,"href":"https:\/\/www.corumbaonline.com.br\/news\/wp-json\/wp\/v2\/tags?post=22988"}],"curies":[{"name":"wp","href":"https:\/\/api.w.org\/{rel}","templated":true}]}}