{"id":22994,"date":"2018-09-26T10:40:08","date_gmt":"2018-09-26T14:40:08","guid":{"rendered":"http:\/\/www.corumbaonline.com.br\/news\/?p=22994"},"modified":"2018-09-26T11:54:23","modified_gmt":"2018-09-26T15:54:23","slug":"bastidores-da-cidade-enquanto-houver-servidores-envolvidos-com-o-crime-organizado-a-seguranca-publica-sempre-sera-fragilizada","status":"publish","type":"post","link":"https:\/\/www.corumbaonline.com.br\/news\/bastidores-da-cidade-enquanto-houver-servidores-envolvidos-com-o-crime-organizado-a-seguranca-publica-sempre-sera-fragilizada\/","title":{"rendered":"Bastidores da Cidade: Enquanto houver servidores envolvidos com o crime organizado, a seguran\u00e7a p\u00fablica sempre ser\u00e1 fragilizada"},"content":{"rendered":"<h1>Quadro 1<\/h1>\n<p>A participa\u00e7\u00e3o de pessoas de dentro do sistema para com o crime organizado tem comprometido e mostrando a fragilidade da Seguran\u00e7a P\u00fablica em todo o Pa\u00eds.<\/p>\n<p>Observado tr\u00eas mat\u00e9rias recentes, a come\u00e7ar pela invas\u00e3o do Pres\u00eddio de Seguran\u00e7a M\u00e1xima da Para\u00edba, ficou claro a participa\u00e7\u00e3o de um Agente Penitenci\u00e1rio que colaborava com as fac\u00e7\u00f5es, sendo ele que era o encarregado de levar para dentro do Pres\u00eddio, aparelhos celulares ao custo de R$ 50.000,00 (cinquenta mil reais), mesmo com escutas de um comparsa cobrando a parte dele e o fragrante da pris\u00e3o da cunhada do agente em frente do pres\u00eddio, negociando o recebimento, o agente disse que vai provar a sua inoc\u00eancia, mesmo que as evidencias s\u00e3o claras da participa\u00e7\u00e3o dele nessa manobra em que foi copulado pelo crime organizado em preju\u00edzo da Seguran\u00e7a P\u00fablica e da integridade f\u00edsica dos policiais militares que fazem a seguran\u00e7a, bem como dos colegas de trabalho e a pr\u00f3pria seguran\u00e7a dele.<\/p>\n<h1>Quadro 2<\/h1>\n<p>Por outro lado tamb\u00e9m com participa\u00e7\u00e3o de pessoas que trabalham no Porto de Santos, uma manobra imensa para que toneladas de coca\u00edna tenha a possibilidade em chegar no continente Europeu atrav\u00e9s de a\u00e7\u00e3o combinada, por exemplo cont\u00eainer com cargas s\u00e3o desviados da rota normal, onde tem os lacres rompidos e no meio da carga, colocada a mercadoria em volumes assustador, nos mais inusitados tipos de a\u00e7\u00e3o, por exemplo em duas maquinas com rolo compressor estavam recheados de coca\u00edna, os analistas tribut\u00e1rios da Receita Federal tem como auxilio um casal de c\u00e3es farejadores, que ao perceber que dentro de cont\u00eaineres tem coca\u00edna, eles ficam sentados em frente, na fiscaliza\u00e7\u00e3o, constata-se e encontram o entorpecente; Ainda no Porto de Santos, os traficantes est\u00e3o cada vez mais ousados, na mais recente apreens\u00e3o de mais de uma tonelada de coca\u00edna, est\u00e1 chegou ao navio por i\u00e7amento, assim como usam mergulhadores entre outros &#8220;Modus Operandi&#8221; inovadores, com o intuito de fazer chegar em v\u00e1rias partes do mudo, toneladas de entorpecentes, onde as facc\u00f5es ou quadrilhas se especializam ou aliciam pessoas que deveriam ter a firmeza de car\u00e1ter para corroborar com o esfor\u00e7o das for\u00e7as de seguran\u00e7a p\u00fablica para barrar o tr\u00e1fico de drogas.<\/p>\n<h1>Quadro 3<\/h1>\n<p>Uma festa de casamento preparada nos m\u00ednimos detalhes, um dos maiores traficantes de cigarro, aflito para esperar a sua noiva, coisa comum em um enlace matrimonial, mas para a surpresa do sujeito, quem chegou primeiro foi a pol\u00edcia, dando voz de pris\u00e3o e prendendo n\u00e3o s\u00f3 ele, assim como v\u00e1rios dos seus comparsas em pelo menos 4 estados e pasmem!!! Seis Policiais Rodovi\u00e1rios Federais est\u00e3o envolvidos at\u00e9 o pesco\u00e7o por facilita\u00e7\u00e3o no contrabando de cigarros nas rodovias que cortam Mato Grosso do Sul, em raz\u00e3o da entrada ser por Ponta Por\u00e3.<\/p>\n<p>Definitivamente, todos os quadros acima trazem uma realidade que preocupa e muito em todos os aspectos, afinal a coniv\u00eancia de pessoas que deveriam servir e proteger, facilitam as a\u00e7\u00f5es do crime organizado, eles, os envolvidos v\u00e3o responder um processo administrativo, depois s\u00e3o removidos para outras localidades e fica por isso mesmo, nunca temos uma devolutiva em rela\u00e7\u00e3o a esses fatos que fragilizam a Seguran\u00e7a P\u00fablica cada vez mais cambaleante no aspecto de servir e proteger, o que \u00e9 profundamente lament\u00e1vel, talvez seria interessante remover a cada 2 anos, aqueles que estrategicamente est\u00e3o para realizar um trabalho de excel\u00eancia, um trabalho voltado para barrar o tr\u00e1fico de drogas ou qualquer crime que cause um preju\u00edzo fiscal para o Pa\u00eds, pois todos esses il\u00edcitos tem como serem combatidos de frente, nas for\u00e7as de seguran\u00e7as p\u00fablicas deste pa\u00eds precisam se encontrar meios para diminuir que pessoas de \u00edndole duvidosa tenha acesso e liberdade para fazer essa barbaridades sem se importar com o devido dever que lhe \u00e9 de oficio.<\/p>\n<p>O objetivo desta mat\u00e9ria, n\u00e3o \u00e9 generalizar, mas abordar o tema gest\u00e3o por compet\u00eancia dentro do servi\u00e7o p\u00fablico. Em resposta as profundas mudan\u00e7as que afetaram \u00e0s novas situa\u00e7\u00f5es de mercado, at\u00e9 que ponto \u00e9 poss\u00edvel uma revis\u00e3o de conceitos em rela\u00e7\u00e3o ao setor da seguran\u00e7a p\u00fablica? A proposta desta nova abordagem pelas organiza\u00e7\u00f5es procura considerar um desafio \u00e0s pr\u00e1ticas de aprendizagem coletiva, dentre outras, desenvolverem compet\u00eancias e compartilh\u00e1-las. Quando o profissional passa a ter claro o conceito de gest\u00e3o por compet\u00eancia dentro de cada setor do servi\u00e7o p\u00fablico em que est\u00e1 atuando se sentir motivado a buscar e desenvolver diferenciais que resultam na satisfa\u00e7\u00e3o no seu ambiente de trabalho. Para isso acontecer se faz necess\u00e1ria a prepara\u00e7\u00e3o de pessoas, identificando suas compet\u00eancias, avalia\u00e7\u00f5es estas de forma natural e constante para que possam oferecer um referencial que lhe permita compreender a realidade do servi\u00e7o p\u00fablico. Ao mesmo tempo, a sociedade local \u00e9 pressionada pela cultura e pelo sistema de gest\u00e3o atual que n\u00e3o consegue dar respostas aos novos desafios, ou seja, adequar-se \u00e0 realidade.<\/p>\n<p>Reginaldo Coutinho \u2013 Delegado sindical dos radialistas de Corumb\u00e1, cronista esportivo, locutor apresentador do programa Transnot\u00edcias na r\u00e1dio Transam\u00e9rica<\/p>\n<p>&nbsp;<\/p>\n<p>&nbsp;<\/p>\n","protected":false},"excerpt":{"rendered":"<p>Quadro 1 A participa\u00e7\u00e3o de pessoas de dentro do sistema para com o crime organizado&#8230;<\/p>\n","protected":false},"author":1,"featured_media":20002,"comment_status":"closed","ping_status":"closed","sticky":false,"template":"","format":"standard","meta":{"footnotes":""},"categories":[3],"tags":[],"class_list":["post-22994","post","type-post","status-publish","format-standard","has-post-thumbnail","hentry","category-artigo"],"_links":{"self":[{"href":"https:\/\/www.corumbaonline.com.br\/news\/wp-json\/wp\/v2\/posts\/22994","targetHints":{"allow":["GET"]}}],"collection":[{"href":"https:\/\/www.corumbaonline.com.br\/news\/wp-json\/wp\/v2\/posts"}],"about":[{"href":"https:\/\/www.corumbaonline.com.br\/news\/wp-json\/wp\/v2\/types\/post"}],"author":[{"embeddable":true,"href":"https:\/\/www.corumbaonline.com.br\/news\/wp-json\/wp\/v2\/users\/1"}],"replies":[{"embeddable":true,"href":"https:\/\/www.corumbaonline.com.br\/news\/wp-json\/wp\/v2\/comments?post=22994"}],"version-history":[{"count":1,"href":"https:\/\/www.corumbaonline.com.br\/news\/wp-json\/wp\/v2\/posts\/22994\/revisions"}],"predecessor-version":[{"id":22995,"href":"https:\/\/www.corumbaonline.com.br\/news\/wp-json\/wp\/v2\/posts\/22994\/revisions\/22995"}],"wp:featuredmedia":[{"embeddable":true,"href":"https:\/\/www.corumbaonline.com.br\/news\/wp-json\/wp\/v2\/media\/20002"}],"wp:attachment":[{"href":"https:\/\/www.corumbaonline.com.br\/news\/wp-json\/wp\/v2\/media?parent=22994"}],"wp:term":[{"taxonomy":"category","embeddable":true,"href":"https:\/\/www.corumbaonline.com.br\/news\/wp-json\/wp\/v2\/categories?post=22994"},{"taxonomy":"post_tag","embeddable":true,"href":"https:\/\/www.corumbaonline.com.br\/news\/wp-json\/wp\/v2\/tags?post=22994"}],"curies":[{"name":"wp","href":"https:\/\/api.w.org\/{rel}","templated":true}]}}