{"id":2302,"date":"2017-03-28T08:14:03","date_gmt":"2017-03-28T11:14:03","guid":{"rendered":"http:\/\/www.corumbaonline.com.br\/news\/?p=2302"},"modified":"2017-03-28T08:20:19","modified_gmt":"2017-03-28T11:20:19","slug":"destino-corumba-e-apresentado-em-feira-de-turismo-na-bolivia","status":"publish","type":"post","link":"https:\/\/www.corumbaonline.com.br\/news\/destino-corumba-e-apresentado-em-feira-de-turismo-na-bolivia\/","title":{"rendered":"Destino Corumb\u00e1 \u00e9 apresentado em feira de turismo na Bol\u00edvia"},"content":{"rendered":"<p>O destino tur\u00edstico Corumb\u00e1 foi apresentado na 21\u00aa Feira Internacional de Turismo da Bol\u00edvia (FIT Bol\u00edvia) realizada em Santa Cruz de La Sierra, de 23 a 25 de mar\u00e7o. A Funda\u00e7\u00e3o de Turismo do Pantanal (Fundtur\/Pantanal) representou o munic\u00edpio no evento, que \u00e9 voltado para profissionais de turismo e consumidores finais.<\/p>\n<p>A diretora-presidente da Funda\u00e7\u00e3o de Turismo, Maria Marju Azambuja Venturini, destacou a presen\u00e7a do munic\u00edpio na FIT Bol\u00edvia. \u201cA participa\u00e7\u00e3o contribui para divulgarmos o destino Corumb\u00e1\u201d, observou. Em parceria com a Funda\u00e7\u00e3o de Turismo do Estado, Corumb\u00e1 integrou uma caravana com 44 empres\u00e1rios de Campo Grande, Aquidauana, Bonito e Miranda. \u201cO contato com outros parceiros e institui\u00e7\u00f5es do Estado refor\u00e7a nossas rela\u00e7\u00f5es e fomenta o turismo de nossa regi\u00e3o\u201d, complementou Marju Azambuja.<\/p>\n<p>De acordo com a Funda\u00e7\u00e3o de Turismo do Pantanal, a participa\u00e7\u00e3o em eventos como a FIT Bol\u00edvia \u00e9 uma excelente oportunidade para estreitar la\u00e7os comerciais no mercado; efetuar contato direto com o consumidor final e promover produtos tur\u00edsticos, al\u00e9m de propiciar futuros neg\u00f3cios.<\/p>\n<p>Segundo a diretora-presidente da Fundtur\/Pantanal, o evento fortaleceu \u201cas rela\u00e7\u00f5es entre Corumb\u00e1 e a Bol\u00edvia. Tamb\u00e9m alinhou estrat\u00e9gias de integra\u00e7\u00e3o dos neg\u00f3cios tur\u00edsticos, visando conex\u00e3o e futura comercializa\u00e7\u00e3o de novos roteiros na faixa de fronteira Brasil-Bol\u00edvia, importante port\u00e3o internacional de turistas, que \u00e9 reconhecido e monitorado pelo Minist\u00e9rio do Turismo\u201d.<\/p>\n","protected":false},"excerpt":{"rendered":"<p>O destino tur\u00edstico Corumb\u00e1 foi apresentado na 21\u00aa Feira Internacional de Turismo da Bol\u00edvia (FIT&#8230;<\/p>\n","protected":false},"author":1,"featured_media":2303,"comment_status":"closed","ping_status":"closed","sticky":false,"template":"","format":"standard","meta":{"footnotes":""},"categories":[23],"tags":[],"class_list":["post-2302","post","type-post","status-publish","format-standard","has-post-thumbnail","hentry","category-turismo"],"_links":{"self":[{"href":"https:\/\/www.corumbaonline.com.br\/news\/wp-json\/wp\/v2\/posts\/2302","targetHints":{"allow":["GET"]}}],"collection":[{"href":"https:\/\/www.corumbaonline.com.br\/news\/wp-json\/wp\/v2\/posts"}],"about":[{"href":"https:\/\/www.corumbaonline.com.br\/news\/wp-json\/wp\/v2\/types\/post"}],"author":[{"embeddable":true,"href":"https:\/\/www.corumbaonline.com.br\/news\/wp-json\/wp\/v2\/users\/1"}],"replies":[{"embeddable":true,"href":"https:\/\/www.corumbaonline.com.br\/news\/wp-json\/wp\/v2\/comments?post=2302"}],"version-history":[{"count":1,"href":"https:\/\/www.corumbaonline.com.br\/news\/wp-json\/wp\/v2\/posts\/2302\/revisions"}],"predecessor-version":[{"id":2304,"href":"https:\/\/www.corumbaonline.com.br\/news\/wp-json\/wp\/v2\/posts\/2302\/revisions\/2304"}],"wp:featuredmedia":[{"embeddable":true,"href":"https:\/\/www.corumbaonline.com.br\/news\/wp-json\/wp\/v2\/media\/2303"}],"wp:attachment":[{"href":"https:\/\/www.corumbaonline.com.br\/news\/wp-json\/wp\/v2\/media?parent=2302"}],"wp:term":[{"taxonomy":"category","embeddable":true,"href":"https:\/\/www.corumbaonline.com.br\/news\/wp-json\/wp\/v2\/categories?post=2302"},{"taxonomy":"post_tag","embeddable":true,"href":"https:\/\/www.corumbaonline.com.br\/news\/wp-json\/wp\/v2\/tags?post=2302"}],"curies":[{"name":"wp","href":"https:\/\/api.w.org\/{rel}","templated":true}]}}