{"id":23045,"date":"2018-09-27T09:54:40","date_gmt":"2018-09-27T13:54:40","guid":{"rendered":"http:\/\/www.corumbaonline.com.br\/news\/?p=23045"},"modified":"2018-09-27T10:36:47","modified_gmt":"2018-09-27T14:36:47","slug":"ifms-seguem-abertas-as-inscricoes-para-cursos-tecnicos-integrados-ao-ensino-medio","status":"publish","type":"post","link":"https:\/\/www.corumbaonline.com.br\/news\/ifms-seguem-abertas-as-inscricoes-para-cursos-tecnicos-integrados-ao-ensino-medio\/","title":{"rendered":"IFMS: Seguem abertas as inscri\u00e7\u00f5es para cursos t\u00e9cnicos integrados ao ensino m\u00e9dio"},"content":{"rendered":"<p>O Instituto Federal de Mato Grosso do Sul (IFMS) recebe at\u00e9 5 de novembro as\u00a0inscri\u00e7\u00f5es para o\u00a0Exame de Sele\u00e7\u00e3o 2019, processo seletivo de ingresso em cursos t\u00e9cnicos integrados ao ensino m\u00e9dio. A oportunidade \u00e9 para estudantes que queiram cursar, ao mesmo tempo, o ensino m\u00e9dio e um curso t\u00e9cnico.<\/p>\n<p>O\u00a0<a class=\"external-link\" title=\"edital de abertura do Exame de Sele\u00e7\u00e3o 2019\" href=\"http:\/\/selecao.ifms.edu.br\/perfil\/estudantes\/exame-de-selecao-2019-tecnico-integrado-edital-064-2018\" target=\"_blank\" rel=\"noopener noreferrer\">edital de abertura do Exame de Sele\u00e7\u00e3o 2019<\/a>\u00a0est\u00e1 dispon\u00edvel na Central de Sele\u00e7\u00e3o do IFMS.\u00a0O candidato deve ler o documento atentamente para compreender as regras do processo seletivo e n\u00e3o perder os prazos do cronograma.<\/p>\n<p>S\u00e3o ofertadas 1.350 vagas distribu\u00eddas em Aquidauana, Campo Grande, Corumb\u00e1, Coxim, Dourados, Jardim, Navira\u00ed, Nova Andradina, Ponta Por\u00e3 e Tr\u00eas Lagoas.<\/p>\n<p>Os interessados podem optar entre nove op\u00e7\u00f5es gratuitas de cursos t\u00e9cnicos integrados: Agricultura, Agropecu\u00e1ria, Alimentos, Edifica\u00e7\u00f5es, Eletrot\u00e9cnica, Inform\u00e1tica, Inform\u00e1tica para Internet, Mec\u00e2nica e Metalurgia.<\/p>\n<p>O requisito \u00e9 ter conclu\u00eddo o ensino fundamental at\u00e9 a data da matr\u00edcula no IFMS, prevista para janeiro de 2019. O candidato tamb\u00e9m deve ter o Cadastro de Pessoa F\u00edsica (CPF) em seu nome, j\u00e1 que o n\u00famero deve ser informado no ato da inscri\u00e7\u00e3o. Saiba mais sobre os\u00a0<a class=\"internal-link\" title=\"documentos necess\u00e1rios para participar do processo seletivo\" href=\"http:\/\/www.ifms.edu.br\/noticias\/saiba-quais-documentos-providenciar-para-participar-do-processo-seletivo\" target=\"_self\">documentos necess\u00e1rios para participar do processo seletivo<\/a>.<\/p>\n<p>Todas as informa\u00e7\u00f5es sobre o Exame est\u00e3o dispon\u00edveis na\u00a0<a class=\"internal-link\" title=\"p\u00e1gina do processo seletivo\" href=\"http:\/\/www.ifms.edu.br\/exame\" target=\"_blank\" rel=\"noopener noreferrer\">p\u00e1gina do processo seletivo.<\/a><\/p>\n<p><strong>Inscri\u00e7\u00f5es\u00a0<\/strong>&#8211; Devem ser feitas pela\u00a0<a class=\"external-link\" title=\"P\u00e1gina do Candidato\" href=\"http:\/\/selecao.ifms.edu.br\/login\" target=\"_blank\" rel=\"noopener noreferrer\">P\u00e1gina do Candidato<\/a>\u00a0da Central de Sele\u00e7\u00e3o.<\/p>\n<p>O primeiro passo \u00e9 fazer o cadastro na P\u00e1gina. Quem j\u00e1 \u00e9 cadastrado no sistema n\u00e3o precisa preencher os dados novamente.\u00a0Depois, \u00e9 s\u00f3 fazer a inscri\u00e7\u00e3o, escolhendo uma das op\u00e7\u00f5es de campus, curso e turno oferecidos pelo IFMS.<\/p>\n<p><strong>Valor\u00a0<\/strong>&#8211; A taxa de inscri\u00e7\u00e3o \u00e9 de R$ 25,00, e o pagamento poder\u00e1 ser feito at\u00e9 8 de novembro.<\/p>\n<p>Os candidatos que apresentarem documento que comprove escolaridade em escola p\u00fablica ficam isentos da taxa de inscri\u00e7\u00e3o.<\/p>\n<p>O pedido de isen\u00e7\u00e3o deve ser feito at\u00e9 19 de outubro, no ato da inscri\u00e7\u00e3o, selecionando o item \u201cIsento\u201d e anexando o documento comprobat\u00f3rio.<\/p>\n<p><strong>A\u00e7\u00e3o Afirmativa (Cotas)\u00a0<\/strong>&#8211; Metade das vagas oferecidas \u00e9 reservada a candidatos que cursaram todas as s\u00e9ries do ensino fundamental na rede p\u00fablica. Desse total, h\u00e1 cotas aos que comprovarem renda familiar bruta mensal\u00a0<em>per capita<\/em>\u00a0 igual ou inferior a 1,5 sal\u00e1rios m\u00ednimos, aos que se autodeclararem pretos, pardos e ind\u00edgenas, e a pessoas com defici\u00eancia.<\/p>\n<p>A op\u00e7\u00e3o de benefici\u00e1rio de a\u00e7\u00e3o afirmativa (cotista) dever\u00e1 ser informada no ato da inscri\u00e7\u00e3o. Para mais informa\u00e7\u00f5es sobre o assunto, o candidato interessado dever\u00e1 ler atentamente ao item 2 do edital.<\/p>\n<p>No anexo II do edital est\u00e1 disponibilizada a\u00a0<a class=\"external-link\" title=\"tabela completa de vagas\" href=\"http:\/\/selecao.ifms.edu.br\/edital\/files\/exame-de-selecao-2019-tecnico-integrado-edital-064-2018-anexo-ii-cursos-e-vagas.pdf\" target=\"_blank\" rel=\"noopener noreferrer\">tabela completa das vagas<\/a>, com as divis\u00f5es para candidatos de ampla concorr\u00eancia e das a\u00e7\u00f5es afirmativas.<\/p>\n<p><strong>Prova\u00a0<\/strong>&#8211; Ser\u00e1 aplicada no dia 25 de novembro, nos dez munic\u00edpios onde o IFMS tem campus.<\/p>\n<p>Os candidatos dever\u00e3o responder 50 quest\u00f5es de m\u00faltipla escolha, sendo 20 de l\u00edngua portuguesa, 20 de matem\u00e1tica e 10 de conhecimentos gerais, conforme\u00a0<a class=\"external-link\" title=\"conte\u00fado program\u00e1tico\" href=\"http:\/\/selecao.ifms.edu.br\/edital\/files\/exame-de-selecao-2019-tecnico-integrado-edital-064-2018-anexo-iii-conteudo-programatico.pdf\" target=\"_blank\" rel=\"noopener noreferrer\">conte\u00fado program\u00e1tico<\/a>\u00a0disponibilizado.<\/p>\n<p>O gabarito dever\u00e1 ser divulgado no dia seguinte. A previs\u00e3o \u00e9 que resultado final e a primeira chamada sejam publicados no dia 19 de dezembro.<\/p>\n<p>Em caso de d\u00favidas, o contato com a Comiss\u00e3o do Exame de Sele\u00e7\u00e3o 2019 deve ser feito pelo e-mail\u00a0<a class=\"email-link\" title=\"processoseletivo@ifms.edu.br\" href=\"mailto:processoseletivo@ifms.edu.br?subject=E-mail\" target=\"_blank\" rel=\"noopener noreferrer\">processoseletivo@ifms.edu.br<\/a>.<\/p>\n<p><strong>T\u00e9cnico Integrado\u00a0<\/strong>&#8211; O estudante cursa o ensino m\u00e9dio regular e a forma\u00e7\u00e3o profissional e tecnol\u00f3gica escolhida. Ap\u00f3s se formar, o diploma possibilitar\u00e1 o ingresso na universidade ou no mundo de trabalho.<\/p>\n<p>No IFMS, todos os cursos s\u00e3o oferecidos gratuitamente.<\/p>\n<p>Mais informa\u00e7\u00f5es sobre os cursos oferecidos est\u00e3o dispon\u00edveis na\u00a0<a class=\"internal-link\" title=\"p\u00e1gina dos Cursos T\u00e9cnicos Integrados\" href=\"http:\/\/www.ifms.edu.br\/cursos\/integrado\" target=\"_self\">p\u00e1gina dos Cursos T\u00e9cnicos Integrados<\/a>.<\/p>\n<p><strong>Quadro de Vagas<\/strong><\/p>\n<table class=\"plain\">\n<tbody>\n<tr>\n<td><strong>Munic\u00edpio<\/strong><\/td>\n<td><strong>Curso<\/strong><\/td>\n<td><strong>Turno<\/strong><\/td>\n<td><strong>Vagas<\/strong><\/td>\n<\/tr>\n<tr>\n<td rowspan=\"4\">Aquidauana<\/td>\n<td rowspan=\"2\">Edifica\u00e7\u00f5es<\/td>\n<td>Matutino<\/td>\n<td>40<\/td>\n<\/tr>\n<tr>\n<td>Vespertino<\/td>\n<td>40<\/td>\n<\/tr>\n<tr>\n<td rowspan=\"2\">Inform\u00e1tica<\/td>\n<td>Matutino<\/td>\n<td>40<\/td>\n<\/tr>\n<tr>\n<td>Vespertino<\/td>\n<td>40<\/td>\n<\/tr>\n<tr>\n<td rowspan=\"3\">Campo Grande<\/td>\n<td>Eletrot\u00e9cnica<\/td>\n<td>Matutino<\/td>\n<td>40<\/td>\n<\/tr>\n<tr>\n<td>Inform\u00e1tica<\/td>\n<td>Vespertino<\/td>\n<td>40<\/td>\n<\/tr>\n<tr>\n<td>Mec\u00e2nica<\/td>\n<td>Vespertino<\/td>\n<td>40<\/td>\n<\/tr>\n<tr>\n<td rowspan=\"2\">Corumb\u00e1<\/td>\n<td>Inform\u00e1tica<\/td>\n<td>Matutino<\/td>\n<td>40<\/td>\n<\/tr>\n<tr>\n<td>Metalurgia<\/td>\n<td>Vespertino<\/td>\n<td>40<\/td>\n<\/tr>\n<tr>\n<td rowspan=\"2\">Coxim<\/td>\n<td>Alimentos<\/td>\n<td>Matutino<\/td>\n<td>80<\/td>\n<\/tr>\n<tr>\n<td>Inform\u00e1tica<\/td>\n<td>Matutino<\/td>\n<td>80<\/td>\n<\/tr>\n<tr>\n<td rowspan=\"2\">Dourados<\/td>\n<td rowspan=\"2\">Inform\u00e1tica para Internet<\/td>\n<td>Matutino\u00b9<\/td>\n<td>80<\/td>\n<\/tr>\n<tr>\n<td>Vespertino\u00b2<\/td>\n<td>40<\/td>\n<\/tr>\n<tr>\n<td rowspan=\"2\">Jardim<\/td>\n<td>Edifica\u00e7\u00f5es<\/td>\n<td>Matutino\u00b9<\/td>\n<td>35<\/td>\n<\/tr>\n<tr>\n<td>Inform\u00e1tica<\/td>\n<td>Matutino\u00b9<\/td>\n<td>35<\/td>\n<\/tr>\n<tr>\n<td rowspan=\"4\">Navira\u00ed<\/td>\n<td rowspan=\"2\">Agricultura<\/td>\n<td>Matutino\u00b9<\/td>\n<td>40<\/td>\n<\/tr>\n<tr>\n<td>Vespertino\u00b2<\/td>\n<td>40<\/td>\n<\/tr>\n<tr>\n<td rowspan=\"2\">Inform\u00e1tica para Internet<\/td>\n<td>Matutino\u00b9<\/td>\n<td>40<\/td>\n<\/tr>\n<tr>\n<td>Vespertino\u00b2<\/td>\n<td>40<\/td>\n<\/tr>\n<tr>\n<td rowspan=\"2\">Nova Andradina<\/td>\n<td>Agropecu\u00e1ria<\/td>\n<td>Matutino e Vespertino<\/td>\n<td>80<\/td>\n<\/tr>\n<tr>\n<td>Inform\u00e1tica<\/td>\n<td>Vespertino<\/td>\n<td>80<\/td>\n<\/tr>\n<tr>\n<td rowspan=\"4\">Ponta Por\u00e3<\/td>\n<td rowspan=\"2\">Agricultura<\/td>\n<td>Matutino<\/td>\n<td>40<\/td>\n<\/tr>\n<tr>\n<td>Vespertino<\/td>\n<td>40<\/td>\n<\/tr>\n<tr>\n<td rowspan=\"2\">Inform\u00e1tica<\/td>\n<td>Matutino<\/td>\n<td>40<\/td>\n<\/tr>\n<tr>\n<td>Vespertino<\/td>\n<td>40<\/td>\n<\/tr>\n<tr>\n<td rowspan=\"2\">Tr\u00eas Lagoas<\/td>\n<td>Eletrot\u00e9cnica<\/td>\n<td>Matutino<\/td>\n<td>80<\/td>\n<\/tr>\n<tr>\n<td>Inform\u00e1tica<\/td>\n<td>Vespertino<\/td>\n<td>80<\/td>\n<\/tr>\n<\/tbody>\n<\/table>\n","protected":false},"excerpt":{"rendered":"<p>O Instituto Federal de Mato Grosso do Sul (IFMS) recebe at\u00e9 5 de novembro as\u00a0inscri\u00e7\u00f5es&#8230;<\/p>\n","protected":false},"author":1,"featured_media":0,"comment_status":"closed","ping_status":"closed","sticky":false,"template":"","format":"standard","meta":{"footnotes":""},"categories":[10],"tags":[],"class_list":["post-23045","post","type-post","status-publish","format-standard","hentry","category-educacao"],"_links":{"self":[{"href":"https:\/\/www.corumbaonline.com.br\/news\/wp-json\/wp\/v2\/posts\/23045","targetHints":{"allow":["GET"]}}],"collection":[{"href":"https:\/\/www.corumbaonline.com.br\/news\/wp-json\/wp\/v2\/posts"}],"about":[{"href":"https:\/\/www.corumbaonline.com.br\/news\/wp-json\/wp\/v2\/types\/post"}],"author":[{"embeddable":true,"href":"https:\/\/www.corumbaonline.com.br\/news\/wp-json\/wp\/v2\/users\/1"}],"replies":[{"embeddable":true,"href":"https:\/\/www.corumbaonline.com.br\/news\/wp-json\/wp\/v2\/comments?post=23045"}],"version-history":[{"count":2,"href":"https:\/\/www.corumbaonline.com.br\/news\/wp-json\/wp\/v2\/posts\/23045\/revisions"}],"predecessor-version":[{"id":23047,"href":"https:\/\/www.corumbaonline.com.br\/news\/wp-json\/wp\/v2\/posts\/23045\/revisions\/23047"}],"wp:attachment":[{"href":"https:\/\/www.corumbaonline.com.br\/news\/wp-json\/wp\/v2\/media?parent=23045"}],"wp:term":[{"taxonomy":"category","embeddable":true,"href":"https:\/\/www.corumbaonline.com.br\/news\/wp-json\/wp\/v2\/categories?post=23045"},{"taxonomy":"post_tag","embeddable":true,"href":"https:\/\/www.corumbaonline.com.br\/news\/wp-json\/wp\/v2\/tags?post=23045"}],"curies":[{"name":"wp","href":"https:\/\/api.w.org\/{rel}","templated":true}]}}