{"id":23048,"date":"2018-09-27T10:25:08","date_gmt":"2018-09-27T14:25:08","guid":{"rendered":"http:\/\/www.corumbaonline.com.br\/news\/?p=23048"},"modified":"2018-09-27T10:39:35","modified_gmt":"2018-09-27T14:39:35","slug":"tse-julga-garotinho-inelegivel-e-o-afasta-de-campanha-a-governo-do-rio","status":"publish","type":"post","link":"https:\/\/www.corumbaonline.com.br\/news\/tse-julga-garotinho-inelegivel-e-o-afasta-de-campanha-a-governo-do-rio\/","title":{"rendered":"TSE julga Garotinho ineleg\u00edvel e o afasta de campanha a governo do Rio"},"content":{"rendered":"<p>O Tribunal Superior Eleitoral (TSE) decidiu\u00a0<span id=\"OBJ_PREFIX_DWT2147_com_zimbra_date\">hoje<\/span>\u00a0(27), por unanimidade, que o ex-governador do Rio Anthony Garotinho est\u00e1 ineleg\u00edvel e, portanto, deve suspender de imediato a campanha ao governo fluminense nas elei\u00e7\u00f5es deste ano. Ele tamb\u00e9m est\u00e1 proibido de gastar recursos do Fundo Eleitoral.<\/p>\n<p>O TSE confirmou decis\u00e3o do Tribunal Regional Eleitoral do Rio (TRE-RJ), que no \u00faltimo dia 6\u00a0j\u00e1\u00a0<a href=\"http:\/\/agenciabrasil.ebc.com.br\/justica\/noticia\/2018-09\/tre-indefere-candidatura-de-garotinho-ao-governo-do-rio\" target=\"_blank\" rel=\"noopener noreferrer\">negou\u00a0o registro de candidatura<\/a>\u00a0a Garotinho. Ele figura como segundo colocado em pesquisas de inten\u00e7\u00e3o de voto ao governo do Rio.<\/p>\n<p>Garotinho teve seus direitos pol\u00edticos suspensos pelo TSE por ter sido condenado por improbidade administrativa e enriquecimento il\u00edcito, em julho, pela segunda inst\u00e2ncia do Tribunal de Justi\u00e7a do Rio<span id=\"OBJ_PREFIX_DWT2149_com_zimbra_date\">\u00a0de Janeiro<\/span>\u00a0(TJ-RJ). O caso envolve desvios de R$ 234,4 milh\u00f5es da \u00e1rea de Sa\u00fade do Rio<span id=\"OBJ_PREFIX_DWT2150_com_zimbra_date\">\u00a0de Janeiro<\/span>\u00a0quando ele era secret\u00e1rio da pasta, entre 2005 e 2006.<\/p>\n<p>Trata-se do primeiro caso em que o TSE aplicou a Ficha Limpa em face de condena\u00e7\u00e3o por improbidade nas elei\u00e7\u00f5es majorit\u00e1rias deste ano, estabelecendo jurisprud\u00eancia para os julgamentos daqui em diante.<\/p>\n<p>Para o relator do caso, ministro Og Fernandes, a condena\u00e7\u00e3o se enquadra de modo preciso nos crit\u00e9rios da Lei da Ficha Limpa, que prev\u00ea a inelegibilidade de pessoas condenadas por improbidade em \u00f3rg\u00e3os judiciais colegiados. \u201cN\u00e3o h\u00e1 d\u00favida de que a condena\u00e7\u00e3o atende aos requisitos\u201d, afirmou.<\/p>\n<p>Acompanharam o relator os ministros Admar Gonzaga, Tarc\u00edsio Vieira, Edson Fachin, Alexandre de Moraes, Jorge Mussi e a presidente da Corte, ministra Rosa Weber. \u201cEntendo plenamente evidenciada a causa de inelegibilidade\u201d, afirmou ela.<\/p>\n<p>A defesa de Garotinho alegou que a inelegibilidade poderia ser afastada pelo fato de a pena imposta, de mais de dois anos de pris\u00e3o,\u00a0<span id=\"OBJ_PREFIX_DWT2151_com_zimbra_date\">ter<\/span>\u00a0sido convertida em pagamento de multa e servi\u00e7os \u00e0 comunidade. O TSE n\u00e3o acolheu o argumento.<\/p>\n<p>Os advogados ainda n\u00e3o se manifestaram sobre a condena\u00e7\u00e3o de hoje.<\/p>\n","protected":false},"excerpt":{"rendered":"<p>O Tribunal Superior Eleitoral (TSE) decidiu\u00a0hoje\u00a0(27), por unanimidade, que o ex-governador do Rio Anthony Garotinho&#8230;<\/p>\n","protected":false},"author":1,"featured_media":0,"comment_status":"closed","ping_status":"closed","sticky":false,"template":"","format":"standard","meta":{"footnotes":""},"categories":[101,19],"tags":[],"class_list":["post-23048","post","type-post","status-publish","format-standard","hentry","category-eleicoes","category-politica"],"_links":{"self":[{"href":"https:\/\/www.corumbaonline.com.br\/news\/wp-json\/wp\/v2\/posts\/23048","targetHints":{"allow":["GET"]}}],"collection":[{"href":"https:\/\/www.corumbaonline.com.br\/news\/wp-json\/wp\/v2\/posts"}],"about":[{"href":"https:\/\/www.corumbaonline.com.br\/news\/wp-json\/wp\/v2\/types\/post"}],"author":[{"embeddable":true,"href":"https:\/\/www.corumbaonline.com.br\/news\/wp-json\/wp\/v2\/users\/1"}],"replies":[{"embeddable":true,"href":"https:\/\/www.corumbaonline.com.br\/news\/wp-json\/wp\/v2\/comments?post=23048"}],"version-history":[{"count":1,"href":"https:\/\/www.corumbaonline.com.br\/news\/wp-json\/wp\/v2\/posts\/23048\/revisions"}],"predecessor-version":[{"id":23049,"href":"https:\/\/www.corumbaonline.com.br\/news\/wp-json\/wp\/v2\/posts\/23048\/revisions\/23049"}],"wp:attachment":[{"href":"https:\/\/www.corumbaonline.com.br\/news\/wp-json\/wp\/v2\/media?parent=23048"}],"wp:term":[{"taxonomy":"category","embeddable":true,"href":"https:\/\/www.corumbaonline.com.br\/news\/wp-json\/wp\/v2\/categories?post=23048"},{"taxonomy":"post_tag","embeddable":true,"href":"https:\/\/www.corumbaonline.com.br\/news\/wp-json\/wp\/v2\/tags?post=23048"}],"curies":[{"name":"wp","href":"https:\/\/api.w.org\/{rel}","templated":true}]}}