{"id":23055,"date":"2018-09-27T11:03:24","date_gmt":"2018-09-27T15:03:24","guid":{"rendered":"http:\/\/www.corumbaonline.com.br\/news\/?p=23055"},"modified":"2018-09-27T12:28:32","modified_gmt":"2018-09-27T16:28:32","slug":"funprev-promove-palestra-sobre-valorizacao-da-vida-nesta-sexta-feira","status":"publish","type":"post","link":"https:\/\/www.corumbaonline.com.br\/news\/funprev-promove-palestra-sobre-valorizacao-da-vida-nesta-sexta-feira\/","title":{"rendered":"FUNPREV promove palestra sobre valoriza\u00e7\u00e3o da vida nesta sexta-feira"},"content":{"rendered":"<p>O Fundo de Previd\u00eancia Social dos Servidores Municipais de Corumb\u00e1 (FUNPREV) promove nesta sexta-feira, 28 de setembro, a palestra Setembro Amarelo: Falar \u00e9 a melhor solu\u00e7\u00e3o! Vamos conversar ????<\/p>\n<p>&nbsp;<\/p>\n<p>A atividade acontece \u00e0s 9h30 e ser\u00e1 voltada para os aposentados\u00a0 na sede do FUNPREV, localizado na Rua Frei Mariano, n\u00ba 516, Centro.<\/p>\n<p>&nbsp;<\/p>\n<p>O Setembro Amarelo \u00e9 uma campanha brasileira de preven\u00e7\u00e3o ao suic\u00eddio, iniciada em 2015. \u00c9 uma iniciativa do Centro de Valoriza\u00e7\u00e3o da Vida (CVV), do Conselho Federal de Medicina (CFM) e da Associa\u00e7\u00e3o Brasileira de Psiquiatria (ABP).<\/p>\n<p>&nbsp;<\/p>\n<p>O m\u00eas de setembro foi escolhido para a campanha porque, desde 2003, o dia 10 de setembro \u00e9 o Dia Mundial de Preven\u00e7\u00e3o do Suic\u00eddio, por iniciativa da International Association for Suicide Prevention.<\/p>\n<p>&nbsp;<\/p>\n<p>A ideia \u00e9 promover eventos que abram espa\u00e7o para debates sobre suic\u00eddio e divulgar o tema alertando a popula\u00e7\u00e3o sobre a import\u00e2ncia de sua discuss\u00e3o. Durante o m\u00eas da campanha, costuma-se iluminar locais p\u00fablicos com a cor amarela.<\/p>\n","protected":false},"excerpt":{"rendered":"<p>O Fundo de Previd\u00eancia Social dos Servidores Municipais de Corumb\u00e1 (FUNPREV) promove nesta sexta-feira, 28&#8230;<\/p>\n","protected":false},"author":1,"featured_media":0,"comment_status":"closed","ping_status":"closed","sticky":false,"template":"","format":"standard","meta":{"footnotes":""},"categories":[14],"tags":[],"class_list":["post-23055","post","type-post","status-publish","format-standard","hentry","category-geral"],"_links":{"self":[{"href":"https:\/\/www.corumbaonline.com.br\/news\/wp-json\/wp\/v2\/posts\/23055","targetHints":{"allow":["GET"]}}],"collection":[{"href":"https:\/\/www.corumbaonline.com.br\/news\/wp-json\/wp\/v2\/posts"}],"about":[{"href":"https:\/\/www.corumbaonline.com.br\/news\/wp-json\/wp\/v2\/types\/post"}],"author":[{"embeddable":true,"href":"https:\/\/www.corumbaonline.com.br\/news\/wp-json\/wp\/v2\/users\/1"}],"replies":[{"embeddable":true,"href":"https:\/\/www.corumbaonline.com.br\/news\/wp-json\/wp\/v2\/comments?post=23055"}],"version-history":[{"count":1,"href":"https:\/\/www.corumbaonline.com.br\/news\/wp-json\/wp\/v2\/posts\/23055\/revisions"}],"predecessor-version":[{"id":23056,"href":"https:\/\/www.corumbaonline.com.br\/news\/wp-json\/wp\/v2\/posts\/23055\/revisions\/23056"}],"wp:attachment":[{"href":"https:\/\/www.corumbaonline.com.br\/news\/wp-json\/wp\/v2\/media?parent=23055"}],"wp:term":[{"taxonomy":"category","embeddable":true,"href":"https:\/\/www.corumbaonline.com.br\/news\/wp-json\/wp\/v2\/categories?post=23055"},{"taxonomy":"post_tag","embeddable":true,"href":"https:\/\/www.corumbaonline.com.br\/news\/wp-json\/wp\/v2\/tags?post=23055"}],"curies":[{"name":"wp","href":"https:\/\/api.w.org\/{rel}","templated":true}]}}