{"id":23057,"date":"2018-09-27T11:17:57","date_gmt":"2018-09-27T15:17:57","guid":{"rendered":"http:\/\/www.corumbaonline.com.br\/news\/?p=23057"},"modified":"2018-09-27T12:29:30","modified_gmt":"2018-09-27T16:29:30","slug":"se-pararmos-de-vacinar-doencas-voltarao-mais-forte-alerta-ministerio","status":"publish","type":"post","link":"https:\/\/www.corumbaonline.com.br\/news\/se-pararmos-de-vacinar-doencas-voltarao-mais-forte-alerta-ministerio\/","title":{"rendered":"Se pararmos de vacinar, doen\u00e7as voltar\u00e3o mais forte, alerta minist\u00e9rio"},"content":{"rendered":"<p>A coordenadora do Programa Nacional de Imuniza\u00e7\u00f5es do Minist\u00e9rio da Sa\u00fade, Carla Domingues, alertou hoje (27) para a necessidade de os tr\u00eas entes federados trabalharem juntos para mobilizar a popula\u00e7\u00e3o sobre a import\u00e2ncia da vacina\u00e7\u00e3o. Durante a 20\u00aa Jornada Nacional de Imuniza\u00e7\u00f5es, no Rio de Janeiro, ela lembrou que o pa\u00eds enfrenta queda na ades\u00e3o \u00e0s vacinas \u2013 no ano passado, das 14 doses que integram o programa, apenas a BCG, aplicada em rec\u00e9m-nascidos para prevenir a tuberculose, atingiu a meta de 95% de cobertura.<\/p>\n<p>\u201cN\u00e3o podemos esmorecer e deixar de vacinar nossas crian\u00e7as. Elas s\u00e3o as mais vulner\u00e1veis e, no momento de circula\u00e7\u00e3o de um agente, elas s\u00e3o as mais afetadas\u201d, disse. \u201cSe n\u00f3s pararmos de vacinar, essas doen\u00e7as v\u00e3o recrudescer&#8221;, completou.<\/p>\n<p>Carla destacou que, desde a d\u00e9cada de 70, quando o programa foi criado, o ato de vacinar deixou de ser uma op\u00e7\u00e3o no Brasil e passou a ser uma obriga\u00e7\u00e3o. O Artigo 29 do Decreto 78.231, de agosto de 1976, prev\u00ea que \u00e9 dever de todo cidad\u00e3o submeter a si e aos menores dos quais tenha a guarda ou a responsabilidade \u00e0 vacina\u00e7\u00e3o obrigat\u00f3ria. \u201cA lei j\u00e1 colocava que s\u00f3 n\u00e3o seriam vacinadas as pessoas que tivessem contra-indica\u00e7\u00f5es e que apresentassem um atestado m\u00e9dico\u201d, explicou.<\/p>\n<h2>Readequar servi\u00e7os<\/h2>\n<p>A coordenadora admitiu, entretanto, que \u00e9 preciso adequar os servi\u00e7os p\u00fablicos de sa\u00fade \u00e0 nova realidade brasileira \u2013 de homens e mulheres que trabalham em per\u00edodo integral enquanto a maioria dos postos de sa\u00fade no pa\u00eds funciona de segunda a sexta em hor\u00e1rio, muitas vezes, inferior ao comercial, fechando para almo\u00e7o. Entre as estrat\u00e9gias sugeridas pela pasta para buscar a popula\u00e7\u00e3o-alvo est\u00e3o hor\u00e1rios flex\u00edveis para funcionamento dos postos e parcerias com institui\u00e7\u00f5es de ensino (escolas e universidades), al\u00e9m do combate \u00e0s chamadas\u00a0<em>fake news<\/em>\u00a0e aos grupos anti-vacinas.<\/p>\n<p>\u201cPrecisamos pensar em como manter um programa com essa capilaridade e com essa complexidade. Precisamos pensar n\u00e3o s\u00f3 na crian\u00e7a, mas no adolescente e no adulto\u201d, disse. \u201cTemos que readequar nosso processo de trabalho para que a gente possa garantir o acesso da popula\u00e7\u00e3o \u00e0s vacinas\u201d, refor\u00e7ou.<\/p>\n<h2>Sarampo<\/h2>\n<p>Durante o encontro, Carla citou o\u00a0<a href=\"http:\/\/agenciabrasil.ebc.com.br\/saude\/noticia\/2018-08\/brasil-tem-1100-casos-confirmados-de-sarampo\" target=\"_blank\" rel=\"noopener noreferrer\">cen\u00e1rio de sarampo\u00a0<\/a>registrado no Brasil atualmente \u2013 a doen\u00e7a havia sido erradicada, mas ensaia um retorno em meio a baixas taxas de cobertura vacinal. Dados atualizados pelo minist\u00e9rio mostram que, mais de 45 dias ap\u00f3s o in\u00edcio da campanha, que precisou ser prorrogada em duas semanas, o<a href=\"http:\/\/agenciabrasil.ebc.com.br\/saude\/noticia\/2018-09\/campanha-de-vacinacao-contra-polio-e-sarampo-atinge-meta-diz-governo\" target=\"_blank\" rel=\"noopener noreferrer\">\u00a0\u00edndice de cobertura<\/a>\u00a0finalmente chegou a 97% das crian\u00e7as com idade entre 1 ano e menores de 5 anos.<\/p>\n<p>\u201cA gente come\u00e7a a vacina\u00e7\u00e3o na inf\u00e2ncia, quando o sistema imunol\u00f3gico n\u00e3o est\u00e1 protegido\u201d, explicou a coordenadora. \u201cSe eu elimino o agente patol\u00f3gico da natureza, vou estar, com certeza, protegendo a popula\u00e7\u00e3o adulta\u201d, concluiu.<\/p>\n","protected":false},"excerpt":{"rendered":"<p>A coordenadora do Programa Nacional de Imuniza\u00e7\u00f5es do Minist\u00e9rio da Sa\u00fade, Carla Domingues, alertou hoje&#8230;<\/p>\n","protected":false},"author":1,"featured_media":0,"comment_status":"closed","ping_status":"closed","sticky":false,"template":"","format":"standard","meta":{"footnotes":""},"categories":[21],"tags":[],"class_list":["post-23057","post","type-post","status-publish","format-standard","hentry","category-saude"],"_links":{"self":[{"href":"https:\/\/www.corumbaonline.com.br\/news\/wp-json\/wp\/v2\/posts\/23057","targetHints":{"allow":["GET"]}}],"collection":[{"href":"https:\/\/www.corumbaonline.com.br\/news\/wp-json\/wp\/v2\/posts"}],"about":[{"href":"https:\/\/www.corumbaonline.com.br\/news\/wp-json\/wp\/v2\/types\/post"}],"author":[{"embeddable":true,"href":"https:\/\/www.corumbaonline.com.br\/news\/wp-json\/wp\/v2\/users\/1"}],"replies":[{"embeddable":true,"href":"https:\/\/www.corumbaonline.com.br\/news\/wp-json\/wp\/v2\/comments?post=23057"}],"version-history":[{"count":1,"href":"https:\/\/www.corumbaonline.com.br\/news\/wp-json\/wp\/v2\/posts\/23057\/revisions"}],"predecessor-version":[{"id":23058,"href":"https:\/\/www.corumbaonline.com.br\/news\/wp-json\/wp\/v2\/posts\/23057\/revisions\/23058"}],"wp:attachment":[{"href":"https:\/\/www.corumbaonline.com.br\/news\/wp-json\/wp\/v2\/media?parent=23057"}],"wp:term":[{"taxonomy":"category","embeddable":true,"href":"https:\/\/www.corumbaonline.com.br\/news\/wp-json\/wp\/v2\/categories?post=23057"},{"taxonomy":"post_tag","embeddable":true,"href":"https:\/\/www.corumbaonline.com.br\/news\/wp-json\/wp\/v2\/tags?post=23057"}],"curies":[{"name":"wp","href":"https:\/\/api.w.org\/{rel}","templated":true}]}}