{"id":23065,"date":"2018-09-27T14:00:06","date_gmt":"2018-09-27T18:00:06","guid":{"rendered":"http:\/\/www.corumbaonline.com.br\/news\/?p=23065"},"modified":"2018-09-27T12:39:22","modified_gmt":"2018-09-27T16:39:22","slug":"com-tres-turnos-de-atendimento-e-sete-especialidades-municipio-entrega-novo-ceo","status":"publish","type":"post","link":"https:\/\/www.corumbaonline.com.br\/news\/com-tres-turnos-de-atendimento-e-sete-especialidades-municipio-entrega-novo-ceo\/","title":{"rendered":"Com tr\u00eas turnos de atendimento e sete especialidades, Munic\u00edpio entrega novo CEO"},"content":{"rendered":"<p>Inaugurada na manh\u00e3 desta quinta-feira, 27 de setembro, a nova sede do Centro de Especialidades Odontol\u00f3gicas (CEO) Doutor Aziss Tajher Iunes. Localizado na rua Eug\u00eanio Cunha, bairro Universit\u00e1rio, o espa\u00e7o conta com sete especialidades odontol\u00f3gicas \u2013 cirurgia; endodontia; odontopediatria; periodontia; pr\u00f3teses; pacientes especiais e radiologia \u2013, 10 gabinetes e \u00a018 profissionais. O atendimento \u00e0 popula\u00e7\u00e3o corumbaense ser\u00e1 nos per\u00edodos da manh\u00e3, tarde e noite.<\/p>\n<p>&nbsp;<\/p>\n<p>\u201c\u00c9 com grande satisfa\u00e7\u00e3o que entregamos este CEO para tratar toda a popula\u00e7\u00e3o de Corumb\u00e1. \u00c9 o maior do Mato Grosso do Sul e estamos trabalhando para ampliarmos as especialidades. \u00c9 importante que o Munic\u00edpio ofere\u00e7a esses servi\u00e7os para a popula\u00e7\u00e3o. \u00c9 um trabalho de toda a administra\u00e7\u00e3o, da Secretaria Municipal de Sa\u00fade que se empenhou em colocar este Centro de Especialidades Odontol\u00f3gicas em funcionamento\u201d, afirmou o prefeito Marcelo Iunes em um breve discurso.<\/p>\n<p>&nbsp;<\/p>\n<p>O prefeito lembrou que o em 2005 o CEO foi implantado pelo ent\u00e3o prefeito Ruiter Cunha de Oliveira como unidade n\u00edvel 2 e em 2008, Ruiter iniciou o projeto para elevar o Centro para n\u00edvel 3, que agrega um maior n\u00famero de especialidades. A gest\u00e3o Marcelo Iunes investiu mais de 400 mil reais em estrutura\u00e7\u00e3o do local e aquisi\u00e7\u00e3o de equipamentos para implanta\u00e7\u00e3o e coloca\u00e7\u00e3o em funcionamento do novo Centro.<\/p>\n<p>&nbsp;<\/p>\n<p>Iunes agradeceu \u00e0 C\u00e2mara de Vereadores por aprovar lei \u2013 de autoria do vereador Andr\u00e9 da Farm\u00e1cia \u2013 que deu o nome do pai dele ao pr\u00e9dio. \u201cFoi uma situa\u00e7\u00e3o muito especial receber essa homenagem ao meu pai. A C\u00e2mara Municipal aprovou por unanimidade o nome dele para este Centro de Especialidades. Agrade\u00e7o aos vereadores pela homenagem\u201d.<\/p>\n<p>&nbsp;<\/p>\n<p>Autor da propositura que denominou o pr\u00e9dio, o vereador Andr\u00e9 da Farm\u00e1cia, que representou o Legislativo Municipal no evento, afirmou que \u201ca popula\u00e7\u00e3o de Corumb\u00e1 ganhou um grande presente com a inaugura\u00e7\u00e3o do novo CEO disponibilizando sete especialidades odontol\u00f3gicas em tr\u00eas turnos\u201d.<\/p>\n<p>&nbsp;<\/p>\n<p>Nascido em Corumb\u00e1 no ano de 1936, Aziss Tajher Iunes era cirurgi\u00e3o dentista formado pela Universidade Federal do Rio de Janeiro. Ap\u00f3s concluir o curso, voltou para Corumb\u00e1 onde exerceu as profiss\u00f5es de professor e cirurgi\u00e3o dentista. Trabalhou, como dentista, por mais de 20 anos no SESI local e tamb\u00e9m no mun\u00edcipio. Doutor Aziss tamb\u00e9m era historiador e escritor, foi autor de diversas cr\u00f4nicas publicadas em jornais e revistas, e publicou quatro livros. Casado com a senhora C\u00e9lia Aguilar Iunes, teve sete filhos.<\/p>\n<p>&nbsp;<\/p>\n<p>Participando da solenidade de inaugura\u00e7\u00e3o, o presidente do Conselho Regional de Odontologia de Mato Grosso do Sul (CRO\/MS), Jos\u00e9 Wilson Bastos, destacou a import\u00e2ncia do investimento feito pela Prefeitura de Corumb\u00e1 ao implantar o novo CEO. \u201cA popula\u00e7\u00e3o de Corumb\u00e1 est\u00e1 ganhando um presente enorme, aqui s\u00f3 tem especialista. Vai ser aqui no CEO que aquela parcela da popula\u00e7\u00e3o, sem condi\u00e7\u00f5es, ter\u00e1 atendimento com especialista. Para Corumb\u00e1 isto \u00e9 excelente e sua popula\u00e7\u00e3o tem que aproveitar. Aqui \u00e9 um ponto de refer\u00eancia para a sa\u00fade bucal\u201d, disse o presidente do CRO.<\/p>\n<p>&nbsp;<\/p>\n<p>O secret\u00e1rio Municipal de Sa\u00fade, Rog\u00e9rio dos Santos Leite, ressaltou o empenho da administra\u00e7\u00e3o Marcelo Iunes em colocar em funcionamento o novo Centro de Especialidades Odontol\u00f3gicas. \u201c\u00c9 uma grande conquista para Corumb\u00e1, \u00e9 um compromisso da gest\u00e3o Marcelo Iunes de trazer benef\u00edcios em sa\u00fade para a popula\u00e7\u00e3o. Esse \u00e9 o maior CEO do Estado e \u00e9 uma realidade. Em 2017, com todas as dificuldades que tivemos ganhamos o pr\u00eamio estadual em rela\u00e7\u00e3o \u00e0 sa\u00fade bucal (Pr\u00eamio Estadual CRO-MS de Sa\u00fade Bucal na categoria destinada para cidades entre 50 e 300 mil habitantes) e agora, com condi\u00e7\u00f5es melhores de trabalho traremos maiores benef\u00edcios para nossa popula\u00e7\u00e3o\u201d, finalizou o secret\u00e1rio.<\/p>\n<p>&nbsp;<\/p>\n<p>A secret\u00e1ria Especial de Cidadania e Direitos Humanos, primeira-dama Amanda Balancieri Iunes; demais secret\u00e1rios municipais; filhos e familiares do Doutor Aziss Tajher Iunes acompanharam a solenidade de inaugura\u00e7\u00e3o do Centro de Especialidades Odontol\u00f3gicas.<\/p>\n","protected":false},"excerpt":{"rendered":"<p>Inaugurada na manh\u00e3 desta quinta-feira, 27 de setembro, a nova sede do Centro de Especialidades&#8230;<\/p>\n","protected":false},"author":1,"featured_media":23066,"comment_status":"closed","ping_status":"closed","sticky":false,"template":"","format":"standard","meta":{"footnotes":""},"categories":[8,21],"tags":[],"class_list":["post-23065","post","type-post","status-publish","format-standard","has-post-thumbnail","hentry","category-destaque","category-saude"],"_links":{"self":[{"href":"https:\/\/www.corumbaonline.com.br\/news\/wp-json\/wp\/v2\/posts\/23065","targetHints":{"allow":["GET"]}}],"collection":[{"href":"https:\/\/www.corumbaonline.com.br\/news\/wp-json\/wp\/v2\/posts"}],"about":[{"href":"https:\/\/www.corumbaonline.com.br\/news\/wp-json\/wp\/v2\/types\/post"}],"author":[{"embeddable":true,"href":"https:\/\/www.corumbaonline.com.br\/news\/wp-json\/wp\/v2\/users\/1"}],"replies":[{"embeddable":true,"href":"https:\/\/www.corumbaonline.com.br\/news\/wp-json\/wp\/v2\/comments?post=23065"}],"version-history":[{"count":1,"href":"https:\/\/www.corumbaonline.com.br\/news\/wp-json\/wp\/v2\/posts\/23065\/revisions"}],"predecessor-version":[{"id":23067,"href":"https:\/\/www.corumbaonline.com.br\/news\/wp-json\/wp\/v2\/posts\/23065\/revisions\/23067"}],"wp:featuredmedia":[{"embeddable":true,"href":"https:\/\/www.corumbaonline.com.br\/news\/wp-json\/wp\/v2\/media\/23066"}],"wp:attachment":[{"href":"https:\/\/www.corumbaonline.com.br\/news\/wp-json\/wp\/v2\/media?parent=23065"}],"wp:term":[{"taxonomy":"category","embeddable":true,"href":"https:\/\/www.corumbaonline.com.br\/news\/wp-json\/wp\/v2\/categories?post=23065"},{"taxonomy":"post_tag","embeddable":true,"href":"https:\/\/www.corumbaonline.com.br\/news\/wp-json\/wp\/v2\/tags?post=23065"}],"curies":[{"name":"wp","href":"https:\/\/api.w.org\/{rel}","templated":true}]}}