{"id":23070,"date":"2018-09-28T08:30:32","date_gmt":"2018-09-28T12:30:32","guid":{"rendered":"http:\/\/www.corumbaonline.com.br\/news\/?p=23070"},"modified":"2018-09-28T09:34:57","modified_gmt":"2018-09-28T13:34:57","slug":"acaba-prazo-para-saques-de-cotistas-do-pis-pasep-com-menos-de-60-anos","status":"publish","type":"post","link":"https:\/\/www.corumbaonline.com.br\/news\/acaba-prazo-para-saques-de-cotistas-do-pis-pasep-com-menos-de-60-anos\/","title":{"rendered":"Acaba prazo para saques de cotistas do PIS-Pasep com menos de 60 anos"},"content":{"rendered":"<p>Os cotistas dos fundos dos programas de Integra\u00e7\u00e3o Social (PIS) e de Forma\u00e7\u00e3o do Patrim\u00f4nio do Servidor P\u00fablico (Pasep) t\u00eam at\u00e9\u00a0<span id=\"OBJ_PREFIX_DWT281_com_zimbra_date\">hoje<\/span>\u00a0(28) para sacar o benef\u00edcio fora dos crit\u00e9rios previstos em lei.Pela\u00a0<span id=\"OBJ_PREFIX_DWT282_com_zimbra_url\"><a href=\"http:\/\/www.planalto.gov.br\/ccivil_03\/_Ato2015-2018\/2018\/Lei\/L13677.htm\" target=\"_blank\" rel=\"noopener noreferrer\">Lei 13.677\/2018<\/a><\/span>, a partir de amanh\u00e3 (29) os saques voltar\u00e3o a ser permitidos somente para os cotistas que atendam a um dos crit\u00e9rios habituais: pessoas com 60 anos ou mais, aposentados, herdeiros de cotistas, pessoas em situa\u00e7\u00e3o de invalidez ou acometidos por doen\u00e7as espec\u00edficas.<\/p>\n<p>Cerca de R$ 17 bilh\u00f5es j\u00e1 foram pagos aos trabalhadores que atuaram entre 1971 e 1988 na iniciativa privada (com carteira assinada) ou no servi\u00e7o p\u00fablico, desde o in\u00edcio do processo de flexibiliza\u00e7\u00e3o dos saques do Fundo PIS\/Pasep, em outubro de 2017, at\u00e9 agora. Do p\u00fablico potencial de 28,5 milh\u00f5es de pessoas que havia em 2017, mais de 15,5 milh\u00f5es de trabalhadores j\u00e1 receberam os recursos, ou seja, 55% do total.<\/p>\n<div class=\"dnd-widget-wrapper context-cheio_8colunas type-image\">\n<div class=\"dnd-atom-rendered\">\n<figure class=\"mejs-fotoh-wrapper\">\n<p><figure style=\"width: 754px\" class=\"wp-caption alignnone\"><img loading=\"lazy\" decoding=\"async\" class=\"img-responsive full full\" title=\"Jos\u00e9 Cruz\/Ag\u00eancia Brasil\/Ag\u00eancia Brasil\" src=\"http:\/\/imagens.ebc.com.br\/Tc_jSrZ7R5Lip71OaZP-5Z3BS24=\/754x0\/smart\/http:\/\/agenciabrasil.ebc.com.br\/sites\/default\/files\/atoms\/image\/1072439-cef%2Ca82t2400.jpg?itok=M4i10ZDL\" alt=\"Bras\u00edlia - Brasileiros aproveitam o s\u00e1bado para sacar o FGTS inativo durante a segunda etapa do libera\u00e7\u00e3o do FGTS nas ag\u00eancias da Caixa Econ\u00f4mica (Jos\u00e9 Cruz\/Ag\u00eancia Brasil)\" width=\"754\" height=\"503\" \/><figcaption class=\"wp-caption-text\">Ag\u00eancia da Caixa Econ\u00f4mica Federal (Jos\u00e9 Cruz\/Arquivo Ag\u00eancia Brasil)<\/figcaption><\/figure><\/figure>\n<\/div>\n<\/div>\n<p>As pessoas com menos de 60 anos representavam, em outubro de 2017, a maior parte dos cotistas do Fundo PIS\/Pasep, somando 16,3 milh\u00f5es de trabalhadores. De acordo com os \u00faltimos dados do Minist\u00e9rio do Planejamento, Desenvolvimento e Gest\u00e3o, at\u00e9 o \u00faltimo dia 16 cerca de 5,7 milh\u00f5es de cotistas nessa faixa et\u00e1ria ainda n\u00e3o haviam se dirigido \u00e0s ag\u00eancias da Caixa Econ\u00f4mica Federal ou do Banco do Brasil para buscar o benef\u00edcio.<\/p>\n<p><strong>Diverg\u00eancias no cadastro<\/strong><\/p>\n<p>Dos R$ 17 bilh\u00f5es j\u00e1 pagos aos cotistas, aproximadamente R$ 8,5 bilh\u00f5es foram entregues aos trabalhadores por meio de dep\u00f3sito autom\u00e1tico na conta corrente, ou seja, sem a necessidade de ir \u00e0 ag\u00eancia banc\u00e1ria.<\/p>\n<p>De acordo com o Minist\u00e9rio do Planejamento, isso foi poss\u00edvel devido aos cr\u00e9ditos feitos pelo Banco do Brasil e a Caixa Econ\u00f4mica Federal aos seus correntistas e a uma parceria envolvendo a Federa\u00e7\u00e3o Brasileira de Bancos (Febraban), a Caixa, o Banco do Brasil e mais oito institui\u00e7\u00f5es: Bradesco, Ita\u00fa, Santander, Bancoob, Sicredi, Banestes, BRB e Mercantil.<\/p>\n<p>Devido a quest\u00f5es de seguran\u00e7a e a diverg\u00eancias cadastrais, cerca de 5 milh\u00f5es de cotistas com CPFs v\u00e1lidos n\u00e3o receber\u00e3o os dep\u00f3sitos autom\u00e1ticos. Por isso, o minist\u00e9rio alerta que cotistas com menos de 60 anos, interessados em\u00a0<span id=\"OBJ_PREFIX_DWT283_com_zimbra_date\">ter<\/span>\u00a0acesso imediato ao dinheiro, devem procurar as ag\u00eancias da Caixa e do Banco do Brasil at\u00e9 esta\u00a0<span id=\"OBJ_PREFIX_DWT284_com_zimbra_date\">sexta<\/span>-feira.<\/p>\n<p><strong>Direitos<\/strong><\/p>\n<p>Para saber o saldo e se tem direito ao benef\u00edcio, o trabalhador pode acessar os\u00a0sites do\u00a0<span id=\"OBJ_PREFIX_DWT285_com_zimbra_url\"><a href=\"http:\/\/www.caixa.gov.br\/beneficios-trabalhador\/pis\/cotaspis\/Paginas\/default.aspx\" target=\"_blank\" rel=\"noopener noreferrer\">PIS<\/a><\/span>\u00a0e do\u00a0<span id=\"OBJ_PREFIX_DWT286_com_zimbra_url\"><a href=\"https:\/\/www.bb.com.br\/pbb\/pagina-inicial\/setor-publico\/governo-federal\/gestao\/gestao-de-recursos\/pagamento-de-ordens-bancarias,-salarios-e-beneficios\/pasep#\/\" target=\"_blank\" rel=\"noopener noreferrer\">Pasep<\/a><\/span>. Para os cotistas do PIS, tamb\u00e9m \u00e9 poss\u00edvel consultar a Caixa Econ\u00f4mica Federal no telefone\u00a0<span id=\"OBJ_PREFIX_DWT287_com_zimbra_phone\"><a href=\"callto:0800-726-0207\">0800-726-0207<\/a><\/span>\u00a0ou nos caixas eletr\u00f4nicos da institui\u00e7\u00e3o, desde que o interessado tenha o Cart\u00e3o Cidad\u00e3o. No caso do Pasep, a consulta \u00e9 feita ao Banco do Brasil, nos telefones 4004-0001 ou\u00a0<span id=\"OBJ_PREFIX_DWT288_com_zimbra_phone\"><a href=\"callto:0800-729-0001\">0800-729-0001<\/a><\/span>.<\/p>\n<p>T\u00eam direito ao saque as pessoas que trabalharam com carteira assinada antes da Constitui\u00e7\u00e3o de 1988. As cotas s\u00e3o os rendimentos anuais depositados nas contas de trabalhadores, institu\u00eddas entre 1971, ano da cria\u00e7\u00e3o do PIS\/Pasep, e 1988.<\/p>\n<p>Quem contribuiu ap\u00f3s\u00a0<span id=\"OBJ_PREFIX_DWT289_com_zimbra_date\">4 de outubro<\/span>\u00a0de 1988 n\u00e3o tem direito ao saque. Isso ocorre porque a Constitui\u00e7\u00e3o, promulgada naquele ano passou a destinar as contribui\u00e7\u00f5es do PIS\/Pasep das empresas para o Fundo de Amparo ao Trabalhador (FAT), que paga o seguro-desemprego e o abono salarial, e para o Banco Nacional de Desenvolvimento Econ\u00f4mico e Social (BNDES).<\/p>\n","protected":false},"excerpt":{"rendered":"<p>Os cotistas dos fundos dos programas de Integra\u00e7\u00e3o Social (PIS) e de Forma\u00e7\u00e3o do Patrim\u00f4nio&#8230;<\/p>\n","protected":false},"author":1,"featured_media":0,"comment_status":"closed","ping_status":"closed","sticky":false,"template":"","format":"standard","meta":{"footnotes":""},"categories":[9],"tags":[],"class_list":["post-23070","post","type-post","status-publish","format-standard","hentry","category-economia"],"_links":{"self":[{"href":"https:\/\/www.corumbaonline.com.br\/news\/wp-json\/wp\/v2\/posts\/23070","targetHints":{"allow":["GET"]}}],"collection":[{"href":"https:\/\/www.corumbaonline.com.br\/news\/wp-json\/wp\/v2\/posts"}],"about":[{"href":"https:\/\/www.corumbaonline.com.br\/news\/wp-json\/wp\/v2\/types\/post"}],"author":[{"embeddable":true,"href":"https:\/\/www.corumbaonline.com.br\/news\/wp-json\/wp\/v2\/users\/1"}],"replies":[{"embeddable":true,"href":"https:\/\/www.corumbaonline.com.br\/news\/wp-json\/wp\/v2\/comments?post=23070"}],"version-history":[{"count":1,"href":"https:\/\/www.corumbaonline.com.br\/news\/wp-json\/wp\/v2\/posts\/23070\/revisions"}],"predecessor-version":[{"id":23071,"href":"https:\/\/www.corumbaonline.com.br\/news\/wp-json\/wp\/v2\/posts\/23070\/revisions\/23071"}],"wp:attachment":[{"href":"https:\/\/www.corumbaonline.com.br\/news\/wp-json\/wp\/v2\/media?parent=23070"}],"wp:term":[{"taxonomy":"category","embeddable":true,"href":"https:\/\/www.corumbaonline.com.br\/news\/wp-json\/wp\/v2\/categories?post=23070"},{"taxonomy":"post_tag","embeddable":true,"href":"https:\/\/www.corumbaonline.com.br\/news\/wp-json\/wp\/v2\/tags?post=23070"}],"curies":[{"name":"wp","href":"https:\/\/api.w.org\/{rel}","templated":true}]}}