{"id":23072,"date":"2018-09-28T08:42:53","date_gmt":"2018-09-28T12:42:53","guid":{"rendered":"http:\/\/www.corumbaonline.com.br\/news\/?p=23072"},"modified":"2018-09-28T09:37:56","modified_gmt":"2018-09-28T13:37:56","slug":"jornada-odontologica-de-corumba-traz-palestras-e-atualizacao-em-saude-bucal","status":"publish","type":"post","link":"https:\/\/www.corumbaonline.com.br\/news\/jornada-odontologica-de-corumba-traz-palestras-e-atualizacao-em-saude-bucal\/","title":{"rendered":"Jornada Odontol\u00f3gica de Corumb\u00e1 traz palestras e atualiza\u00e7\u00e3o em sa\u00fade bucal"},"content":{"rendered":"<p>Aberta na tarde desta quinta-feira, 27 de setembro, a IX Jornada Odontol\u00f3gica de Corumb\u00e1. Realizado por meio da Delegacia Regional do CRO\/MS de Corumb\u00e1 em parceria com a Secretaria Municipal de Sa\u00fade, o evento traz, em sua programa\u00e7\u00e3o, palestras para cirurgi\u00f5es-dentistas, auxiliares e t\u00e9cnicos em sa\u00fade bucal.<\/p>\n<p>&nbsp;<\/p>\n<p>Aos cirurgi\u00f5es-dentistas ser\u00e3o oferecidas as palestras: \u201cOzonioterapia na Harmoniza\u00e7\u00e3o Orofacial\u201d, comandada por L\u00eddia Cristina Henninger; \u201cFarmacologia na Odontologia\u201d, ministrada por Alberto Luiz Leite da Silva; e \u201cModula\u00e7\u00e3o Respirat\u00f3ria e Hormonal na Odontologia\u201d, que ser\u00e1 conduzida por Pl\u00e1cido Batista Menezes.<\/p>\n<p>&nbsp;<\/p>\n<p>Para auxiliares e t\u00e9cnicos em sa\u00fade bucal, o tema ser\u00e1 \u201cOdontologia a Quatro M\u00e3os\u201d, que ser\u00e1 ministrado durante um dia inteiro pela cirurgi\u00e3-dentista Juliana Frigeri. A participa\u00e7\u00e3o \u00e9 gratuita e ser\u00e1 entregue Certificado para os participantes. A Jornada Odontol\u00f3gica de Corumb\u00e1 acontece at\u00e9 28 de setembro no Centro de Conven\u00e7\u00f5es do Pantanal de Corumb\u00e1 Miguel Gomez, localizado na rua Domingos Sahib, 570, no Porto Geral.<\/p>\n<p>&nbsp;<\/p>\n<p>Presidente do Conselho Regional de Odontologia de Mato Grosso do Sul (CRO\/MS), Jos\u00e9 Wilson Bastos, destacou que a Jornada possibilita aos profissionais de odontologia \u201ccursos de capacita\u00e7\u00e3o, permitindo o conhecimento de assuntos novos na \u00e1rea. Trazemos cursos atuais\u201d, disse. Delegado do CRO\/MS em Corumb\u00e1, Wagner Massaruha, disse que a Jornada Odontol\u00f3gica \u00e9 aberta para \u201ctodos os dentistas de Corumb\u00e1, Lad\u00e1rio, da Bol\u00edvia e n\u00e3o apenas da rede p\u00fablica participarem de atualiza\u00e7\u00e3o em odontologia\u201d, completou.<\/p>\n","protected":false},"excerpt":{"rendered":"<p>Aberta na tarde desta quinta-feira, 27 de setembro, a IX Jornada Odontol\u00f3gica de Corumb\u00e1. Realizado&#8230;<\/p>\n","protected":false},"author":1,"featured_media":23073,"comment_status":"closed","ping_status":"closed","sticky":false,"template":"","format":"standard","meta":{"footnotes":""},"categories":[19],"tags":[],"class_list":["post-23072","post","type-post","status-publish","format-standard","has-post-thumbnail","hentry","category-politica"],"_links":{"self":[{"href":"https:\/\/www.corumbaonline.com.br\/news\/wp-json\/wp\/v2\/posts\/23072","targetHints":{"allow":["GET"]}}],"collection":[{"href":"https:\/\/www.corumbaonline.com.br\/news\/wp-json\/wp\/v2\/posts"}],"about":[{"href":"https:\/\/www.corumbaonline.com.br\/news\/wp-json\/wp\/v2\/types\/post"}],"author":[{"embeddable":true,"href":"https:\/\/www.corumbaonline.com.br\/news\/wp-json\/wp\/v2\/users\/1"}],"replies":[{"embeddable":true,"href":"https:\/\/www.corumbaonline.com.br\/news\/wp-json\/wp\/v2\/comments?post=23072"}],"version-history":[{"count":1,"href":"https:\/\/www.corumbaonline.com.br\/news\/wp-json\/wp\/v2\/posts\/23072\/revisions"}],"predecessor-version":[{"id":23074,"href":"https:\/\/www.corumbaonline.com.br\/news\/wp-json\/wp\/v2\/posts\/23072\/revisions\/23074"}],"wp:featuredmedia":[{"embeddable":true,"href":"https:\/\/www.corumbaonline.com.br\/news\/wp-json\/wp\/v2\/media\/23073"}],"wp:attachment":[{"href":"https:\/\/www.corumbaonline.com.br\/news\/wp-json\/wp\/v2\/media?parent=23072"}],"wp:term":[{"taxonomy":"category","embeddable":true,"href":"https:\/\/www.corumbaonline.com.br\/news\/wp-json\/wp\/v2\/categories?post=23072"},{"taxonomy":"post_tag","embeddable":true,"href":"https:\/\/www.corumbaonline.com.br\/news\/wp-json\/wp\/v2\/tags?post=23072"}],"curies":[{"name":"wp","href":"https:\/\/api.w.org\/{rel}","templated":true}]}}