{"id":23087,"date":"2018-09-28T10:04:51","date_gmt":"2018-09-28T14:04:51","guid":{"rendered":"http:\/\/www.corumbaonline.com.br\/news\/?p=23087"},"modified":"2018-09-28T11:07:52","modified_gmt":"2018-09-28T15:07:52","slug":"audiencia-publica-conjunta-da-prefeitura-e-camara-acontece-nesta-tarde-2","status":"publish","type":"post","link":"https:\/\/www.corumbaonline.com.br\/news\/audiencia-publica-conjunta-da-prefeitura-e-camara-acontece-nesta-tarde-2\/","title":{"rendered":"Audi\u00eancia p\u00fablica conjunta da Prefeitura e C\u00e2mara acontece nesta tarde"},"content":{"rendered":"<p>Audi\u00eancia p\u00fablica conjunta dos Poderes Executivo e Legislativo acontece hoje, 28 de setembro, a partir das 18 horas, no plen\u00e1rio da C\u00e2mara Municipal de Corumb\u00e1. A audi\u00eancia \u00e9 aberta \u00e0 popula\u00e7\u00e3o corumbaense.<\/p>\n<p>Ser\u00e3o apresentados, por servidores dos poderes Executivo e Legislativo,\u00a0relat\u00f3rios de gest\u00e3o fiscal 2\u00ba quadrimestre de 2018 (per\u00edodo de maio a agosto de 2018); Projeto de Lei Or\u00e7ament\u00e1ria Anual (LOA) para 2019. O edital da audi\u00eancia conjunta foi publicado na edi\u00e7\u00e3o de quarta-feira, 12 de setembro, do Di\u00e1rio Oficial do Munic\u00edpio de Corumb\u00e1 (DIOCORUMB\u00c1).<\/p>\n","protected":false},"excerpt":{"rendered":"<p>Audi\u00eancia p\u00fablica conjunta dos Poderes Executivo e Legislativo acontece hoje, 28 de setembro, a partir&#8230;<\/p>\n","protected":false},"author":1,"featured_media":0,"comment_status":"closed","ping_status":"closed","sticky":false,"template":"","format":"standard","meta":{"footnotes":""},"categories":[14],"tags":[],"class_list":["post-23087","post","type-post","status-publish","format-standard","hentry","category-geral"],"_links":{"self":[{"href":"https:\/\/www.corumbaonline.com.br\/news\/wp-json\/wp\/v2\/posts\/23087","targetHints":{"allow":["GET"]}}],"collection":[{"href":"https:\/\/www.corumbaonline.com.br\/news\/wp-json\/wp\/v2\/posts"}],"about":[{"href":"https:\/\/www.corumbaonline.com.br\/news\/wp-json\/wp\/v2\/types\/post"}],"author":[{"embeddable":true,"href":"https:\/\/www.corumbaonline.com.br\/news\/wp-json\/wp\/v2\/users\/1"}],"replies":[{"embeddable":true,"href":"https:\/\/www.corumbaonline.com.br\/news\/wp-json\/wp\/v2\/comments?post=23087"}],"version-history":[{"count":1,"href":"https:\/\/www.corumbaonline.com.br\/news\/wp-json\/wp\/v2\/posts\/23087\/revisions"}],"predecessor-version":[{"id":23088,"href":"https:\/\/www.corumbaonline.com.br\/news\/wp-json\/wp\/v2\/posts\/23087\/revisions\/23088"}],"wp:attachment":[{"href":"https:\/\/www.corumbaonline.com.br\/news\/wp-json\/wp\/v2\/media?parent=23087"}],"wp:term":[{"taxonomy":"category","embeddable":true,"href":"https:\/\/www.corumbaonline.com.br\/news\/wp-json\/wp\/v2\/categories?post=23087"},{"taxonomy":"post_tag","embeddable":true,"href":"https:\/\/www.corumbaonline.com.br\/news\/wp-json\/wp\/v2\/tags?post=23087"}],"curies":[{"name":"wp","href":"https:\/\/api.w.org\/{rel}","templated":true}]}}