{"id":23093,"date":"2018-09-28T10:55:51","date_gmt":"2018-09-28T14:55:51","guid":{"rendered":"http:\/\/www.corumbaonline.com.br\/news\/?p=23093"},"modified":"2018-09-28T12:42:09","modified_gmt":"2018-09-28T16:42:09","slug":"eleicoes-2018-saiba-quem-pode-e-quem-nao-pode-votar","status":"publish","type":"post","link":"https:\/\/www.corumbaonline.com.br\/news\/eleicoes-2018-saiba-quem-pode-e-quem-nao-pode-votar\/","title":{"rendered":"Elei\u00e7\u00f5es 2018: Saiba quem pode e quem n\u00e3o pode votar"},"content":{"rendered":"<p>Em outubro, os eleitores\u00a0ir\u00e3o \u00e0s urnas para escolher presidente da Rep\u00fablica, governadores, senadores, deputados federais, deputados estaduais e distritais. Saiba quem pode e n\u00e3o pode votar nas elei\u00e7\u00f5es:<\/p>\n<h2>Quem pode votar<\/h2>\n<p>&#8211;\u00a0O voto \u00e9 obrigat\u00f3rio para todo cidad\u00e3o, nato ou naturalizado, alfabetizado, com idade entre 18 e 70 anos.<\/p>\n<p>&#8211; Os presos provis\u00f3rios e os adolescentes internados, desde que tenham tirado o t\u00edtulo de eleitor e estejam em dia com a Justi\u00e7a Eleitoral. tamb\u00e9m t\u00eam o direito de votar, por n\u00e3o estarem com os direitos pol\u00edticos suspensos (inciso III do artigo 15 da Constitui\u00e7\u00e3o Federal).<\/p>\n<h2>Quem n\u00e3o pode votar<\/h2>\n<p>&#8211; Quem est\u00e1 com o t\u00edtulo cancelado\u00a0por\u00a0n\u00e3o ter justificado\u00a0aus\u00eancia em tr\u00eas elei\u00e7\u00f5es consecutivas.\u00a0No caso das\u00a0aus\u00eancias, cada turno de um pleito\u00a0\u00e9 considerado\u00a0como uma elei\u00e7\u00e3o isolada.<\/p>\n<p>&#8211; Quem\u00a0perdeu\u00a0o prazo para justifica\u00e7\u00e3o e n\u00e3o pagou\u00a0a multa pela irregularidade.<\/p>\n<p>&#8211; Cidad\u00e3os que est\u00e3o com os direitos pol\u00edticos suspensos.<\/p>\n<p>&#8211; Quem\u00a0<a href=\"http:\/\/agenciabrasil.ebc.com.br\/justica\/noticia\/2018-09\/por-7-votos-2-stf-mantem-cancelamento-de-titulos-sem-biometria\" target=\"_blank\" rel=\"noopener noreferrer\">n\u00e3o participou\u00a0da revis\u00e3o biom\u00e9trica obrigat\u00f3ria<\/a>\u00a0no munic\u00edpio em que vota.<\/p>\n<p>&#8211; Aqueles que n\u00e3o tiraram o t\u00edtulo de eleitor at\u00e9 o dia\u00a09 de maio\u00a0nem regularizaram sua situa\u00e7\u00e3o perante a Justi\u00e7a Eleitoral.<\/p>\n<p>&#8211; Eleitores cujos dados n\u00e3o estejam no cadastro de eleitores da se\u00e7\u00e3o constante da urna, ainda que apresente t\u00edtulo de eleitor correspondente \u00e0 se\u00e7\u00e3o e documento que comprove sua identidade. A regra consta do par\u00e1grafo 6\u00ba do Artigo 111 da Resolu\u00e7\u00e3o TSE n\u00ba 23.554\/2017, que trata dos\u00a0atos preparat\u00f3rios para as elei\u00e7\u00f5es 2018. Nessa hip\u00f3tese, a mesa receptora de votos dever\u00e1 registrar a ocorr\u00eancia em ata e orientar o eleitor a comparecer ao cart\u00f3rio eleitoral a fim de regularizar sua situa\u00e7\u00e3o.<\/p>\n<div class=\"dnd-widget-wrapper context-cheio_8colunas type-image\">\n<div class=\"dnd-atom-rendered\">\n<figure class=\"mejs-fotoh-wrapper\">\n<p><figure style=\"width: 754px\" class=\"wp-caption alignnone\"><img loading=\"lazy\" decoding=\"async\" class=\"img-responsive full full\" title=\"Arquivo\/Ag\u00eancia Brasil\/Ag\u00eancia Brasil\" src=\"http:\/\/imagens.ebc.com.br\/U1lzz2uGbJ7V2gzkYTSaQzgm4BM=\/754x0\/smart\/http:\/\/agenciabrasil.ebc.com.br\/sites\/default\/files\/atoms\/image\/titulo_de_eleitor.jpg?itok=M8JAMb8p\" alt=\"T\u00edtulo de eleitor\" width=\"754\" height=\"505\" \/><figcaption class=\"wp-caption-text\">T\u00edtulo de eleitor (Arquivo\/Ag\u00eancia Brasil)<\/figcaption><\/figure><\/figure>\n<\/div>\n<\/div>\n<h2><\/h2>\n<h2>Voto facultativo<\/h2>\n<p>&#8211;\u00a0 Para\u00a0jovens com idade entre 16 e 17 anos, idosos\u00a0com mais de 70 anos e analfabetos, o voto \u00e9 facultativo.<\/p>\n<h2>Onde votar?<\/h2>\n<p>No dia\u00a07 de outubro, o eleitor apto pode ir \u00e0 sua se\u00e7\u00e3o eleitoral das 8h \u00e0s 17h e votar, de acordo com o hor\u00e1rio local. O t\u00edtulo de eleitor traz a zona eleitoral e a se\u00e7\u00e3o em que o eleitor vota.<\/p>\n<p>Quem perdeu o t\u00edtulo consegue saber o n\u00famero do documento no\u00a0<a href=\"http:\/\/www.tse.jus.br\/\" target=\"_blank\" rel=\"noopener noreferrer\">site do TSE<\/a>. Basta informar o nome, data de nascimento e o nome da m\u00e3e.<\/p>\n<p>O eleitor em situa\u00e7\u00e3o regular tamb\u00e9m pode obter a via digital do t\u00edtulo. O aplicativo\u00a0<a href=\"http:\/\/www.tse.jus.br\/imprensa\/noticias-tse\/2018\/Maio\/eleicoes-2018-e-titulo-pode-ser-baixado-a-qualquer-momento-ate-o-dia-da-votacao\" target=\"_blank\" rel=\"noopener noreferrer\">e-T\u00edtulo<\/a>, est\u00e1 dispon\u00edvel para smartphones\u00a0e tablets. Caso o eleitor j\u00e1 tenha feito o recadastramento eleitoral com coleta de biometria, a vers\u00e3o do e-T\u00edtulo vir\u00e1 acompanhada da fotografia, o que permitir\u00e1 sua identifica\u00e7\u00e3o na hora do voto. Neste caso, bastar\u00e1 apresentar a vers\u00e3o digital do documento para votar.<\/p>\n<p>Para quem ainda n\u00e3o fez o recadastramento biom\u00e9trico, a vers\u00e3o do e-T\u00edtulo ser\u00e1 baixada sem a foto. Nessa hip\u00f3tese, o eleitor est\u00e1 obrigado a levar um documento oficial de identifica\u00e7\u00e3o com foto.<\/p>\n<p>N\u00e3o \u00e9 obrigat\u00f3ria a apresenta\u00e7\u00e3o do t\u00edtulo de eleitor para votar. O eleitor deve se dirigir \u00e0 sua se\u00e7\u00e3o eleitoral e apresentar ao mes\u00e1rio um documento oficial com foto (carteira de identidade, passaporte, carteira de categoria profissional reconhecida por lei, certificado de reservista, carteira de trabalho ou carteira nacional de habilita\u00e7\u00e3o).<\/p>\n","protected":false},"excerpt":{"rendered":"<p>Em outubro, os eleitores\u00a0ir\u00e3o \u00e0s urnas para escolher presidente da Rep\u00fablica, governadores, senadores, deputados federais,&#8230;<\/p>\n","protected":false},"author":1,"featured_media":0,"comment_status":"closed","ping_status":"closed","sticky":false,"template":"","format":"standard","meta":{"footnotes":""},"categories":[101,19],"tags":[],"class_list":["post-23093","post","type-post","status-publish","format-standard","hentry","category-eleicoes","category-politica"],"_links":{"self":[{"href":"https:\/\/www.corumbaonline.com.br\/news\/wp-json\/wp\/v2\/posts\/23093","targetHints":{"allow":["GET"]}}],"collection":[{"href":"https:\/\/www.corumbaonline.com.br\/news\/wp-json\/wp\/v2\/posts"}],"about":[{"href":"https:\/\/www.corumbaonline.com.br\/news\/wp-json\/wp\/v2\/types\/post"}],"author":[{"embeddable":true,"href":"https:\/\/www.corumbaonline.com.br\/news\/wp-json\/wp\/v2\/users\/1"}],"replies":[{"embeddable":true,"href":"https:\/\/www.corumbaonline.com.br\/news\/wp-json\/wp\/v2\/comments?post=23093"}],"version-history":[{"count":1,"href":"https:\/\/www.corumbaonline.com.br\/news\/wp-json\/wp\/v2\/posts\/23093\/revisions"}],"predecessor-version":[{"id":23095,"href":"https:\/\/www.corumbaonline.com.br\/news\/wp-json\/wp\/v2\/posts\/23093\/revisions\/23095"}],"wp:attachment":[{"href":"https:\/\/www.corumbaonline.com.br\/news\/wp-json\/wp\/v2\/media?parent=23093"}],"wp:term":[{"taxonomy":"category","embeddable":true,"href":"https:\/\/www.corumbaonline.com.br\/news\/wp-json\/wp\/v2\/categories?post=23093"},{"taxonomy":"post_tag","embeddable":true,"href":"https:\/\/www.corumbaonline.com.br\/news\/wp-json\/wp\/v2\/tags?post=23093"}],"curies":[{"name":"wp","href":"https:\/\/api.w.org\/{rel}","templated":true}]}}