{"id":23096,"date":"2018-09-28T11:11:43","date_gmt":"2018-09-28T15:11:43","guid":{"rendered":"http:\/\/www.corumbaonline.com.br\/news\/?p=23096"},"modified":"2018-09-28T12:51:36","modified_gmt":"2018-09-28T16:51:36","slug":"ibge-aponta-que-brasil-tem-127-milhoes-de-desocupados","status":"publish","type":"post","link":"https:\/\/www.corumbaonline.com.br\/news\/ibge-aponta-que-brasil-tem-127-milhoes-de-desocupados\/","title":{"rendered":"IBGE aponta que Brasil tem 12,7 milh\u00f5es de desocupados"},"content":{"rendered":"<p>O Brasil tem 12,7 milh\u00f5es de pessoas desocupadas. Este \u00e9 o resultado da Pesquisa Nacional por Amostra de Domic\u00edlios Cont\u00ednua (PNAD), relativa ao trimestre de junho a agosto deste ano.<\/p>\n<p>Segundo dados divulgados hoje (28), no Rio de Janeiro, pelo Instituto Brasileiro de Geografia e Estat\u00edstica (IBGE), a taxa de desocupa\u00e7\u00e3o, que mostra o \u00edndice de desemprego no pa\u00eds, no per\u00edodo foi de 12,1%. Esta indica uma queda de 0,6% em rela\u00e7\u00e3o ao trimestre anterior: 12,7%.<\/p>\n<div class=\"dnd-widget-wrapper context-cheio_8colunas type-image\">\n<div class=\"dnd-atom-rendered\">\n<figure class=\"mejs-fotoh-wrapper\">\n<p><figure style=\"width: 754px\" class=\"wp-caption alignnone\"><img loading=\"lazy\" decoding=\"async\" class=\"img-responsive full full\" title=\"MARCELLO CASAL JR\/Ag\u00eancia Brasil\" src=\"http:\/\/imagens.ebc.com.br\/x27ErkhcIjGq3CxlSC8fQ_vOZFg=\/754x0\/smart\/http:\/\/agenciabrasil.ebc.com.br\/sites\/default\/files\/atoms\/image\/carteira_de_trabalho.jpg?itok=GLpgvbww\" alt=\"Carteira de trabalho\" width=\"754\" height=\"503\" \/><figcaption class=\"wp-caption-text\">Contingente da popula\u00e7\u00e3o ativa desalentada (4,8 milh\u00f5es) no trimestre de junho a agosto subiu em rela\u00e7\u00e3o ao trimestre anterior (Arquivo\/Marcelo Casal Jr\/Ag\u00eancia Brasil)<\/figcaption><\/figure><\/figure>\n<\/div>\n<\/div>\n<p><a href=\"http:\/\/agenciabrasil.ebc.com.br\/economia\/noticia\/2018-05\/taxa-de-desemprego-fica-em-129-em-abril\" target=\"_blank\" rel=\"noopener noreferrer\">A PNAD Cont\u00ednua<\/a>\u00a0considera desempregada a pessoa que est\u00e1 sem trabalho, mas que tenha procurado emprego no per\u00edodo de at\u00e9 30 dias antes da pesquisa.<\/p>\n<p>O contingente da popula\u00e7\u00e3o ativa desalentada (4,8 milh\u00f5es) no trimestre de junho a agosto de 2018 subiu em rela\u00e7\u00e3o ao trimestre anterior (4,720 milh\u00f5es). Em rela\u00e7\u00e3o ao mesmo trimestre de 2017 (4,2 milh\u00f5es), houve alta (3,9%).<\/p>\n<p>S\u00e3o consideradas desalentadas pessoas com idade acima de 14 anos que n\u00e3o conseguiram emprego por n\u00e3o ter experi\u00eancia, porque s\u00e3o jovens ou idosas demais para o cargo ou ficam fora da localidade.<\/p>\n<h2>Taxa est\u00e1vel<\/h2>\n<p>O IBGE estima que 4,3% estiveram nesta situa\u00e7\u00e3o no trimestre de junho a agosto de 2018. A taxa ficou est\u00e1vel em rela\u00e7\u00e3o ao trimestre anterior (4,4%) na compara\u00e7\u00e3o com o mesmo trimestre de 2017 (17,8%).<\/p>\n<p>A taxa de subutiliza\u00e7\u00e3o &#8211; que soma desocupados, subocupados ou for\u00e7a de trabalho potencial &#8211; ficou est\u00e1vel.<\/p>\n<p>No trimestre de junho a agosto foi de 24,4%, contra 24,6% do trimestre anterior. Em n\u00fameros absolutos foi de 27,5 milh\u00f5es, 27,6 milh\u00f5es no trimestre anterior e 26,8 milh\u00f5es no mesmo trimestre de 2017.<\/p>\n<div class=\"dnd-widget-wrapper context-cheio_8colunas type-image\">\n<div class=\"dnd-atom-rendered\">\n<figure class=\"mejs-fotoh-wrapper\">\n<p><figure style=\"width: 754px\" class=\"wp-caption alignnone\"><img loading=\"lazy\" decoding=\"async\" class=\"img-responsive full full\" title=\"Marcelo Casal\/Ag\u00eancia Brasil\/Ag\u00eancia Brasil\" src=\"http:\/\/imagens.ebc.com.br\/bRmybZveL0T337nrgXhcaH82Yvw=\/754x0\/smart\/http:\/\/agenciabrasil.ebc.com.br\/sites\/default\/files\/atoms\/image\/df_lojas.jpg?itok=DA2xhygc\" alt=\"df_lojas.jpg\" width=\"754\" height=\"486\" \/><figcaption class=\"wp-caption-text\">Total de empregados no setor privado com carteira de trabalho assinada se manteve em 33 milh\u00f5es (Arquivo\/Marcelo Casal\/Ag\u00eancia Brasil)<\/figcaption><\/figure><\/figure>\n<\/div>\n<\/div>\n<p>A popula\u00e7\u00e3o ocupada \u00e9 hoje de 92,1 milh\u00f5es, um crescimento de 1,3%, ou mais de 1,2 milh\u00e3o de pessoas, em rela\u00e7\u00e3o ao trimestre m\u00f3vel anterior. Em rela\u00e7\u00e3o ao mesmo per\u00edodo de 2017, houve alta de 1,1%: 91,1 milh\u00f5es.<\/p>\n<p>O n\u00famero de empregados no setor privado com carteira de trabalho assinada se manteve em 33 milh\u00f5es. J\u00e1 o n\u00famero de pessoas que trabalham por conta pr\u00f3pria cresceu 1,5% em rela\u00e7\u00e3o ao trimestre anterior: 23,1 milh\u00f5es.<\/p>\n","protected":false},"excerpt":{"rendered":"<p>O Brasil tem 12,7 milh\u00f5es de pessoas desocupadas. Este \u00e9 o resultado da Pesquisa Nacional&#8230;<\/p>\n","protected":false},"author":1,"featured_media":0,"comment_status":"closed","ping_status":"closed","sticky":false,"template":"","format":"standard","meta":{"footnotes":""},"categories":[14],"tags":[],"class_list":["post-23096","post","type-post","status-publish","format-standard","hentry","category-geral"],"_links":{"self":[{"href":"https:\/\/www.corumbaonline.com.br\/news\/wp-json\/wp\/v2\/posts\/23096","targetHints":{"allow":["GET"]}}],"collection":[{"href":"https:\/\/www.corumbaonline.com.br\/news\/wp-json\/wp\/v2\/posts"}],"about":[{"href":"https:\/\/www.corumbaonline.com.br\/news\/wp-json\/wp\/v2\/types\/post"}],"author":[{"embeddable":true,"href":"https:\/\/www.corumbaonline.com.br\/news\/wp-json\/wp\/v2\/users\/1"}],"replies":[{"embeddable":true,"href":"https:\/\/www.corumbaonline.com.br\/news\/wp-json\/wp\/v2\/comments?post=23096"}],"version-history":[{"count":1,"href":"https:\/\/www.corumbaonline.com.br\/news\/wp-json\/wp\/v2\/posts\/23096\/revisions"}],"predecessor-version":[{"id":23097,"href":"https:\/\/www.corumbaonline.com.br\/news\/wp-json\/wp\/v2\/posts\/23096\/revisions\/23097"}],"wp:attachment":[{"href":"https:\/\/www.corumbaonline.com.br\/news\/wp-json\/wp\/v2\/media?parent=23096"}],"wp:term":[{"taxonomy":"category","embeddable":true,"href":"https:\/\/www.corumbaonline.com.br\/news\/wp-json\/wp\/v2\/categories?post=23096"},{"taxonomy":"post_tag","embeddable":true,"href":"https:\/\/www.corumbaonline.com.br\/news\/wp-json\/wp\/v2\/tags?post=23096"}],"curies":[{"name":"wp","href":"https:\/\/api.w.org\/{rel}","templated":true}]}}