{"id":23098,"date":"2018-09-28T11:24:35","date_gmt":"2018-09-28T15:24:35","guid":{"rendered":"http:\/\/www.corumbaonline.com.br\/news\/?p=23098"},"modified":"2018-09-28T12:54:45","modified_gmt":"2018-09-28T16:54:45","slug":"prazo-para-produtor-rural-declarar-itr-termina-hoje","status":"publish","type":"post","link":"https:\/\/www.corumbaonline.com.br\/news\/prazo-para-produtor-rural-declarar-itr-termina-hoje\/","title":{"rendered":"Prazo para produtor rural declarar ITR termina hoje"},"content":{"rendered":"<p>Donos de im\u00f3veis e propriedades rurais t\u00eam at\u00e9\u00a0<span id=\"OBJ_PREFIX_DWT263_com_zimbra_date\"><span id=\"OBJ_PREFIX_DWT168_com_zimbra_date\">hoje<\/span><\/span>\u00a0(28) para enviar a declara\u00e7\u00e3o do Imposto sobre a Propriedade Territorial Rural (ITR). O prazo come\u00e7ou em\u00a0<span id=\"OBJ_PREFIX_DWT264_com_zimbra_date\"><span id=\"OBJ_PREFIX_DWT169_com_zimbra_date\">13 de agosto<\/span><\/span>\u00a0e acaba \u00e0s 23h59min59s desta\u00a0<span id=\"OBJ_PREFIX_DWT170_com_zimbra_date\">sexta<\/span>-feira.<\/p>\n<p>O\u00a0<a href=\"http:\/\/idg.receita.fazenda.gov.br\/orientacao\/tributaria\/declaracoes-e-demonstrativos\/ditr-declaracao-do-imposto-sobre-a-propriedade-territorial-rural\/programa-gerador-da-declaracao-pgd-ditr-perguntas-e-respostas-e-base-legal\/2018\" target=\"_blank\" rel=\"noopener noreferrer\">programa gerador<\/a>\u00a0est\u00e1 dispon\u00edvel na p\u00e1gina da Receita Federal na internet. A p\u00e1gina tamb\u00e9m oferece as principais perguntas e respostas e a legisla\u00e7\u00e3o sobre o imposto.<\/p>\n<p>Quem perder o prazo pagar\u00e1 multa de 1% ao m\u00eas sobre o imposto devido ou de R$ 50, prevalecendo o maior valor. O ITR tem como base de c\u00e1lculo o valor da terra nua tribut\u00e1vel, que n\u00e3o leva em conta as benfeitorias no terreno.<\/p>\n<div class=\"dnd-widget-wrapper context-cheio_8colunas type-image\">\n<div class=\"dnd-atom-rendered\">\n<figure class=\"mejs-fotoh-wrapper\">\n<p><figure style=\"width: 754px\" class=\"wp-caption alignnone\"><img loading=\"lazy\" decoding=\"async\" class=\"img-responsive full full\" title=\"(Arquivo Ag\u00eancia Brasil)\/Ag\u00eancia Brasil\" src=\"http:\/\/imagens.ebc.com.br\/GLiDwuf-MthvqZSXKzzTBD68jLM=\/754x0\/smart\/http:\/\/agenciabrasil.ebc.com.br\/sites\/default\/files\/thumbnails\/image\/produtor_rural.jpg?itok=FGWVH_9V\" alt=\"Produtor rural\" width=\"754\" height=\"503\" \/><figcaption class=\"wp-caption-text\">Produtor rural (Arquivo Ag\u00eancia Brasil)<\/figcaption><\/figure><\/figure>\n<\/div>\n<\/div>\n<p>Sobre a base de c\u00e1lculo, a Receita aplica uma al\u00edquota que varia conforme o grau de utiliza\u00e7\u00e3o da propriedade rural. Quanto maior a \u00e1rea e menor a utiliza\u00e7\u00e3o, mais imposto o produtor\u00a0<span id=\"OBJ_PREFIX_DWT266_com_zimbra_date\"><span id=\"OBJ_PREFIX_DWT172_com_zimbra_date\">ter<\/span><\/span>\u00e1 de pagar. O ITR \u00e9 cobrado em \u00e1reas urbanas, no lugar do Imposto Predial e Territorial Urbano (IPTU), caso seja comprovado que a propriedade seja usada para atividades agropecu\u00e1rias, extrativistas ou agroindustrial.<\/p>\n<p><strong>Cadastro<\/strong><\/p>\n<p>Este ano, os produtores em \u00e1reas acima de 50 hectares tamb\u00e9m dever\u00e3o aderir ao Cadastro Nacional de Im\u00f3veis Rurais (CNIR), que unifica as bases de dados da Receita Federal e do Instituto Nacional de Coloniza\u00e7\u00e3o e Reforma Agr\u00e1ria (Incra).<\/p>\n<p>De acordo com a Confedera\u00e7\u00e3o da Agricultura e Pecu\u00e1ria do Brasil (CNA), at\u00e9 agora, apenas 30% dos propriet\u00e1rios preencheram o cadastro.<\/p>\n","protected":false},"excerpt":{"rendered":"<p>Donos de im\u00f3veis e propriedades rurais t\u00eam at\u00e9\u00a0hoje\u00a0(28) para enviar a declara\u00e7\u00e3o do Imposto sobre&#8230;<\/p>\n","protected":false},"author":1,"featured_media":0,"comment_status":"closed","ping_status":"closed","sticky":false,"template":"","format":"standard","meta":{"footnotes":""},"categories":[9],"tags":[],"class_list":["post-23098","post","type-post","status-publish","format-standard","hentry","category-economia"],"_links":{"self":[{"href":"https:\/\/www.corumbaonline.com.br\/news\/wp-json\/wp\/v2\/posts\/23098","targetHints":{"allow":["GET"]}}],"collection":[{"href":"https:\/\/www.corumbaonline.com.br\/news\/wp-json\/wp\/v2\/posts"}],"about":[{"href":"https:\/\/www.corumbaonline.com.br\/news\/wp-json\/wp\/v2\/types\/post"}],"author":[{"embeddable":true,"href":"https:\/\/www.corumbaonline.com.br\/news\/wp-json\/wp\/v2\/users\/1"}],"replies":[{"embeddable":true,"href":"https:\/\/www.corumbaonline.com.br\/news\/wp-json\/wp\/v2\/comments?post=23098"}],"version-history":[{"count":1,"href":"https:\/\/www.corumbaonline.com.br\/news\/wp-json\/wp\/v2\/posts\/23098\/revisions"}],"predecessor-version":[{"id":23099,"href":"https:\/\/www.corumbaonline.com.br\/news\/wp-json\/wp\/v2\/posts\/23098\/revisions\/23099"}],"wp:attachment":[{"href":"https:\/\/www.corumbaonline.com.br\/news\/wp-json\/wp\/v2\/media?parent=23098"}],"wp:term":[{"taxonomy":"category","embeddable":true,"href":"https:\/\/www.corumbaonline.com.br\/news\/wp-json\/wp\/v2\/categories?post=23098"},{"taxonomy":"post_tag","embeddable":true,"href":"https:\/\/www.corumbaonline.com.br\/news\/wp-json\/wp\/v2\/tags?post=23098"}],"curies":[{"name":"wp","href":"https:\/\/api.w.org\/{rel}","templated":true}]}}