{"id":23104,"date":"2018-09-28T12:05:10","date_gmt":"2018-09-28T16:05:10","guid":{"rendered":"http:\/\/www.corumbaonline.com.br\/news\/?p=23104"},"modified":"2018-09-28T13:01:29","modified_gmt":"2018-09-28T17:01:29","slug":"manha-de-lazer-celebra-dia-internacional-do-idoso-em-corumba","status":"publish","type":"post","link":"https:\/\/www.corumbaonline.com.br\/news\/manha-de-lazer-celebra-dia-internacional-do-idoso-em-corumba\/","title":{"rendered":"Manh\u00e3 de lazer celebra Dia Internacional do Idoso em Corumb\u00e1"},"content":{"rendered":"<p>Uma grande festa no gin\u00e1sio poliesportivo da rua Porto Carrero comemorou na manh\u00e3 desta sexta-feira, 28 de setembro, o Dia Internacional do Idoso. A data, institu\u00edda pela Organiza\u00e7\u00e3o das Na\u00e7\u00f5es Unidas (ONU), \u00e9 celebrada em 1\u00b0 de outubro, tem como objetivo sensibilizar a sociedade para o envelhecimento e alertar sobre a import\u00e2ncia de proteger e cuidar dos idosos.<\/p>\n<p>&nbsp;<\/p>\n<p>A manh\u00e3 de lazer promoveu a escolha da Miss e o Mister Bela Idade; sorteio de brindes; bail\u00e3o; oficinas de beleza; corte de cabelo e jogos de mesa. Como Miss Simpatia foi eleita Regina da Silva; o Mister Simpatia foi Orlando Galeano. O t\u00edtulo de Miss Bela Idade ficou com Oliete Alves e Urbano de Jesus foi eleito Mister Bela Idade.<\/p>\n<p>&nbsp;<\/p>\n<p>Participando da celebra\u00e7\u00e3o, a secret\u00e1ria Municipal de Assist\u00eancia Social, Gl\u00e1ucia Iunes, afirmou que o Munic\u00edpio desenvolve a\u00e7\u00f5es ininterruptas visando garantir a cidadania aos idosos. \u201c\u00c9 um trabalho que desenvolvemos ininterruptamente para valoriz\u00e1-los e fazer com que se sintam se sintam sempre produtivos e importantes para a sociedade. N\u00f3s s\u00f3 estamos aqui hoje porque, l\u00e1 atr\u00e1s, eles iniciaram esta caminhada\u201d, disse.<\/p>\n<p>&nbsp;<\/p>\n<p>As a\u00e7\u00f5es foram oferecidas pelo Conselho Municipal de Defesa dos Direitos da Pessoa Idosa em parceria com a Funda\u00e7\u00e3o de Esportes de Corumb\u00e1 (FUNEC); Secretaria Municipal de Assist\u00eancia Social, Secretaria Especial de Cidadania e Direitos Humanos, Centro de Refer\u00eancia de Assist\u00eancia Social (CRAS) e o Centro de Conviv\u00eancia dos Idosos (CCI).<\/p>\n","protected":false},"excerpt":{"rendered":"<p>Uma grande festa no gin\u00e1sio poliesportivo da rua Porto Carrero comemorou na manh\u00e3 desta sexta-feira,&#8230;<\/p>\n","protected":false},"author":1,"featured_media":0,"comment_status":"closed","ping_status":"closed","sticky":false,"template":"","format":"standard","meta":{"footnotes":""},"categories":[14],"tags":[],"class_list":["post-23104","post","type-post","status-publish","format-standard","hentry","category-geral"],"_links":{"self":[{"href":"https:\/\/www.corumbaonline.com.br\/news\/wp-json\/wp\/v2\/posts\/23104","targetHints":{"allow":["GET"]}}],"collection":[{"href":"https:\/\/www.corumbaonline.com.br\/news\/wp-json\/wp\/v2\/posts"}],"about":[{"href":"https:\/\/www.corumbaonline.com.br\/news\/wp-json\/wp\/v2\/types\/post"}],"author":[{"embeddable":true,"href":"https:\/\/www.corumbaonline.com.br\/news\/wp-json\/wp\/v2\/users\/1"}],"replies":[{"embeddable":true,"href":"https:\/\/www.corumbaonline.com.br\/news\/wp-json\/wp\/v2\/comments?post=23104"}],"version-history":[{"count":1,"href":"https:\/\/www.corumbaonline.com.br\/news\/wp-json\/wp\/v2\/posts\/23104\/revisions"}],"predecessor-version":[{"id":23105,"href":"https:\/\/www.corumbaonline.com.br\/news\/wp-json\/wp\/v2\/posts\/23104\/revisions\/23105"}],"wp:attachment":[{"href":"https:\/\/www.corumbaonline.com.br\/news\/wp-json\/wp\/v2\/media?parent=23104"}],"wp:term":[{"taxonomy":"category","embeddable":true,"href":"https:\/\/www.corumbaonline.com.br\/news\/wp-json\/wp\/v2\/categories?post=23104"},{"taxonomy":"post_tag","embeddable":true,"href":"https:\/\/www.corumbaonline.com.br\/news\/wp-json\/wp\/v2\/tags?post=23104"}],"curies":[{"name":"wp","href":"https:\/\/api.w.org\/{rel}","templated":true}]}}