{"id":23112,"date":"2018-09-29T08:10:13","date_gmt":"2018-09-29T12:10:13","guid":{"rendered":"http:\/\/www.corumbaonline.com.br\/news\/?p=23112"},"modified":"2018-09-29T08:53:44","modified_gmt":"2018-09-29T12:53:44","slug":"datafolha-bolsonaro-tem-28-das-intencoes-de-voto-haddad-tem-22","status":"publish","type":"post","link":"https:\/\/www.corumbaonline.com.br\/news\/datafolha-bolsonaro-tem-28-das-intencoes-de-voto-haddad-tem-22\/","title":{"rendered":"Datafolha: Bolsonaro tem 28% das inten\u00e7\u00f5es de voto; Haddad tem 22%"},"content":{"rendered":"<p>O Instituto Datafolha divulgou nesta sexta-feira (28)\u00a0 nova pesquisa de inten\u00e7\u00f5es de voto para presidente da Rep\u00fablica. Jair Bolsonaro (PSL) aparece com 28% das inten\u00e7\u00f5es de voto na disputa presidencial. Fernando Haddad (PT) tem 22% e Ciro Gomes (PDT), 11%. Geraldo Alckmin (PSDB) est\u00e1 com 10% e Marina Silva (Rede) tem 5% das inten\u00e7\u00f5es registradas pelo levantamento.<\/p>\n<p>Jo\u00e3o Amo\u00eado (Novo) marca 3%. Henrique Meirelles (MDB) e Alvaro Dias (PODE)\u00a0est\u00e3o empatados com\u00a02%. Guilherme Boulos (PSOL), Vera L\u00facia (PSTU)\u00a0e Cabo Daciolo (Patriota) tamb\u00e9m est\u00e3o empatados, com 1% cada. Jo\u00e3o Goulart Filho (PPL) e Eymael (DC) n\u00e3o pontuaram.<\/p>\n<p>Os votos brancos ou nulos somam 10%. Entre os ouvidos, 5% n\u00e3o sabem ou n\u00e3o responderam.<\/p>\n<p>O levantamento ouviu\u00a09 mil eleitores em 343 munic\u00edpios, entre os dias 26 e 28 de setembro. A margem de erro \u00e9 de dois pontos percentuais, para mais ou para menos. A pesquisa foi contratada pela\u00a0<em>TV Globo<\/em>\u00a0e pelo jornal\u00a0<em>Folha de S. Paulo e<\/em>\u00a0registrada na Justi\u00e7a eleitoral com o n\u00famero<em>\u00a0<\/em>BR-08687\/2018.<\/p>\n<h2>Compara\u00e7\u00e3o<\/h2>\n<p>Na compara\u00e7\u00e3o com a<a href=\"http:\/\/agenciabrasil.ebc.com.br\/politica\/noticia\/2018-09\/datafolha-bolsonaro-tem-28-das-intencoes-de-voto-haddad-tem-16\" target=\"_blank\" rel=\"noopener noreferrer\">\u00a0pesquisa<\/a>\u00a0do dia\u00a020 de setembro, Jair Bolsonaro manteve os 28%, Fernando Haddad cresceu seis pontos percentuais (de 16% para 22%) e Ciro Gomes\u00a0caiu\u00a0de 13% para 11%.<\/p>\n<p>Geraldo Alckmin\u00a0oscilou de\u00a09% para 10% e Marina Silva foi de 7% para 5%.<\/p>\n<p>Jo\u00e3o Amo\u00eado\u00a0manteve os\u00a03%. Alvaro Dias oscilou\u00a0de 3% para 2%. Henrique Meirelles\u00a0manteve 2%. Cabo Daciolo,\u00a0Guilherme Boulos e Vera L\u00facia\u00a0t\u00eam 1%. Eymael e Jo\u00e3o Goulart Filho n\u00e3o pontuaram nas duas pesquisas.<\/p>\n<p>A propor\u00e7\u00e3o de eleitores que declara que pretende votar nulo ou em branco passou de 12% para 10% e o n\u00famero de indecisos e n\u00e3o respondentes continuou em 5%.<\/p>\n<h2>Rejei\u00e7\u00e3o<\/h2>\n<p>Em rela\u00e7\u00e3o \u00e0 rejei\u00e7\u00e3o aos candidatos, Jair Bolsonaro \u00e9 apontado por 46% dos eleitores que declararam que n\u00e3o votariam de \u201cjeito nenhum\u201d no candidato no primeiro turno. A rejei\u00e7\u00e3o a Haddad \u00e9\u00a032%,\u00a0enquanto a de Marina\u00a0\u00e9 de 28%.<\/p>\n<p>A taxa de rejei\u00e7\u00e3o a Geraldo Alckmin continuou em\u00a024% e a de Ciro Gomes, 21%.<\/p>\n<p>Vera L\u00facia ficou com 18%. Cabo Daciolo, Boulos e Eymael\u00a0s\u00e3o rejeitados por 17% dos eleitores ouvidos. Henrique Meirelles t\u00eam taxa de rejei\u00e7\u00e3o de\u00a016%, Alvaro Dias,15%, Am\u00f4edo, 14%, e Jo\u00e3o Goulart Filho, 14%.<\/p>\n<p>Eleitores que rejeitam todos os candidatos somam 4% e aqueles que votariam em qualquer um, 2%.<\/p>\n<h2>Segundo turno<\/h2>\n<p>O Instituto Datafolha fez simula\u00e7\u00f5es de segundo turno entre os candidatos com as maiores pontua\u00e7\u00f5es.<\/p>\n<p>Veja os resultados:<\/p>\n<p><strong>Ciro (42%) x Alckmin (36%)<\/strong><\/p>\n<p>Brancos e nulos: 19%<\/p>\n<p>N\u00e3o responderam: 3%<br \/>\n<strong>Alckmin (45%) x Bolsonaro (38%)<\/strong><\/p>\n<p>Brancos e nulos: 16%<\/p>\n<p>N\u00e3o responderam:\u00a02%<br \/>\n<strong>Ciro (48%) x Bolsonaro (38%)<\/strong><\/p>\n<p>Brancos e nulos: 12%<\/p>\n<p>N\u00e3o responderam: 2%<br \/>\n<strong>Alckmin (39%) x Haddad (39%)<\/strong><\/p>\n<p>Brancos e nulos: 19%<\/p>\n<p>N\u00e3o responderam: 3%<br \/>\n<strong>Haddad (45%) x Bolsonaro (39%)<\/strong><\/p>\n<p>Brancos e nulos: 13%<\/p>\n<p>N\u00e3o responderam: 2%<br \/>\n<strong>Ciro (41%) x Haddad (35%)<\/strong><\/p>\n<p>Brancos e nulos: 21%<\/p>\n<p>N\u00e3o responderam: 3%<\/p>\n","protected":false},"excerpt":{"rendered":"<p>O Instituto Datafolha divulgou nesta sexta-feira (28)\u00a0 nova pesquisa de inten\u00e7\u00f5es de voto para presidente&#8230;<\/p>\n","protected":false},"author":1,"featured_media":0,"comment_status":"closed","ping_status":"closed","sticky":false,"template":"","format":"standard","meta":{"footnotes":""},"categories":[101,19],"tags":[],"class_list":["post-23112","post","type-post","status-publish","format-standard","hentry","category-eleicoes","category-politica"],"_links":{"self":[{"href":"https:\/\/www.corumbaonline.com.br\/news\/wp-json\/wp\/v2\/posts\/23112","targetHints":{"allow":["GET"]}}],"collection":[{"href":"https:\/\/www.corumbaonline.com.br\/news\/wp-json\/wp\/v2\/posts"}],"about":[{"href":"https:\/\/www.corumbaonline.com.br\/news\/wp-json\/wp\/v2\/types\/post"}],"author":[{"embeddable":true,"href":"https:\/\/www.corumbaonline.com.br\/news\/wp-json\/wp\/v2\/users\/1"}],"replies":[{"embeddable":true,"href":"https:\/\/www.corumbaonline.com.br\/news\/wp-json\/wp\/v2\/comments?post=23112"}],"version-history":[{"count":1,"href":"https:\/\/www.corumbaonline.com.br\/news\/wp-json\/wp\/v2\/posts\/23112\/revisions"}],"predecessor-version":[{"id":23113,"href":"https:\/\/www.corumbaonline.com.br\/news\/wp-json\/wp\/v2\/posts\/23112\/revisions\/23113"}],"wp:attachment":[{"href":"https:\/\/www.corumbaonline.com.br\/news\/wp-json\/wp\/v2\/media?parent=23112"}],"wp:term":[{"taxonomy":"category","embeddable":true,"href":"https:\/\/www.corumbaonline.com.br\/news\/wp-json\/wp\/v2\/categories?post=23112"},{"taxonomy":"post_tag","embeddable":true,"href":"https:\/\/www.corumbaonline.com.br\/news\/wp-json\/wp\/v2\/tags?post=23112"}],"curies":[{"name":"wp","href":"https:\/\/api.w.org\/{rel}","templated":true}]}}