{"id":23114,"date":"2018-09-29T08:23:54","date_gmt":"2018-09-29T12:23:54","guid":{"rendered":"http:\/\/www.corumbaonline.com.br\/news\/?p=23114"},"modified":"2018-09-29T08:58:30","modified_gmt":"2018-09-29T12:58:30","slug":"7a-edicao-da-acao-social-povo-das-aguas-comeca-neste-domingo","status":"publish","type":"post","link":"https:\/\/www.corumbaonline.com.br\/news\/7a-edicao-da-acao-social-povo-das-aguas-comeca-neste-domingo\/","title":{"rendered":"7\u00aa edi\u00e7\u00e3o da A\u00e7\u00e3o Social Povo das \u00c1guas come\u00e7a neste domingo"},"content":{"rendered":"<p>A 7\u00aa edi\u00e7\u00e3o da A\u00e7\u00e3o Social Povo das \u00c1guas vai atender os ribeirinhos da Parte Alta do Pantanal corumbaense. O trabalho, que \u00e9 realizado pela Prefeitura de Corumb\u00e1 e coordenado pela Secretaria Especial de Cidadania e Direitos Humanos, come\u00e7a neste domingo, 30 de setembro, na regi\u00e3o da Ilha Verde e do Paraguai Mirim.<\/p>\n<p>&nbsp;<\/p>\n<p>Na Ilha, o atendimento acontece das 8h \u00e0s 12 horas no Porto Santa Catarina. No Paraguai Mirim, a equipe multidisciplinar estar\u00e1 da fazenda Ilha Verde, das 14h \u00e0s 18 horas. Na segunda-feira, dia 1\u00ba de outubro, os moradores do S\u00e3o Francisco e Mato Grande ser\u00e3o assistidos no Porto da Associa\u00e7\u00e3o de Moradores do S\u00e3o Francisco entre \u00e0s 8h e 12 horas.<\/p>\n<p>&nbsp;<\/p>\n<p>No mesmo dia, das 15h \u00e0s 17 horas, o atendimento acontece no Porto Bonfim e no Porto S\u00e3o Pedro. Na ter\u00e7a-feira, 2 de outubro, os servidores da Prefeitura estar\u00e3o na Escola Municipal Rural de Educa\u00e7\u00e3o Integral \u2013 P\u00f3lo S\u00e3o Louren\u00e7o e Extens\u00f5es, onde ser\u00e3o atendidos as fam\u00edlias que residem na Serra do Amolar e na Barra do S\u00e3o Louren\u00e7o.<\/p>\n<p>&nbsp;<\/p>\n<p>Na quarta-feira, 3, das 8h \u00e0s 13 horas, o atendimento ser\u00e1 no Porto Mangueiral e Porto Novo Horizonte, das 8h \u00e0s 13 horas. Na quinta-feira, dia 4, os trabalhos acontecem no Porto do Zequinha, das 8h \u00e0s 13 horas, onde estar\u00e3o os ribeirinhos da Regi\u00e3o do Castelo, e no Porto Maracangalha, das 16h \u00e0s 18 horas, atendendo as fam\u00edlias do Domingos Ramos.<\/p>\n<p>&nbsp;<\/p>\n<p>Na sexta-feira, 5, ser\u00e3o assistidos os ribeirinhos do Porto do Tuiui\u00fa, Piuval e Capim Gordura. O Povo das \u00c1guas re\u00fane servidores das secretarias municipais de Sa\u00fade, Assist\u00eancia Social, Educa\u00e7\u00e3o, Secretaria Especial de Cidadania e Direitos Humanos, Defesa Civil e da Secretaria Especial de Agricultura Familiar, al\u00e9m de profissionais volunt\u00e1rios.<\/p>\n<p>&nbsp;<\/p>\n<p><strong>6\u00aa edi\u00e7\u00e3o<\/strong><\/p>\n<p>&nbsp;<\/p>\n<p>A 6\u00aa edi\u00e7\u00e3o do Povo das \u00c1guas, realizada na regi\u00e3o do Baixo Pantanal entre os dias 20 e 25 Agosto, a Prefeitura de Corumb\u00e1 realizou 267 atendimentos m\u00e9dicos, 312 procedimentos de enfermagem, 189 atendimentos odontol\u00f3gicos e foram entregues 300 escovas de dente e seis aplica\u00e7\u00f5es de fl\u00faor.<\/p>\n<p>&nbsp;<\/p>\n<p>Outras 117 pessoas receberam 213 doses de vacinas diversas, inclusive da gripe. Tamb\u00e9m foram imunizados 73 animais contra a raiva. Mais 93 pessoas receberam atendimentos individuais de fisioterapia, 48 de acupuntura e mais 17 grupos tamb\u00e9m fizeram a a\u00e7\u00e3o. Todos os portos receberam palestras sobre o Agosto Lil\u00e1s\/Lei Maria da Penha.<\/p>\n<p>&nbsp;<\/p>\n<p>O CRAS Itinerante e a Defesa Civil atenderam 202 fam\u00edlias. J\u00e1 na \u00e1rea educacional, 107 crian\u00e7as participaram de atividades l\u00fadicas e pedag\u00f3gicas. 136 pessoas foram beneficiadas com a doa\u00e7\u00e3o de roupas e cal\u00e7ados. Foram executados ainda 47 cortes de cabelos e 158 orienta\u00e7\u00f5es sobre plantio e distribui\u00e7\u00e3o de medidas de sementes de r\u00facula, ab\u00f3bora, piment\u00e3o, alface, coentro, salsa e couve folha.<\/p>\n","protected":false},"excerpt":{"rendered":"<p>A 7\u00aa edi\u00e7\u00e3o da A\u00e7\u00e3o Social Povo das \u00c1guas vai atender os ribeirinhos da Parte&#8230;<\/p>\n","protected":false},"author":1,"featured_media":23115,"comment_status":"closed","ping_status":"closed","sticky":false,"template":"","format":"standard","meta":{"footnotes":""},"categories":[8,14],"tags":[],"class_list":["post-23114","post","type-post","status-publish","format-standard","has-post-thumbnail","hentry","category-destaque","category-geral"],"_links":{"self":[{"href":"https:\/\/www.corumbaonline.com.br\/news\/wp-json\/wp\/v2\/posts\/23114","targetHints":{"allow":["GET"]}}],"collection":[{"href":"https:\/\/www.corumbaonline.com.br\/news\/wp-json\/wp\/v2\/posts"}],"about":[{"href":"https:\/\/www.corumbaonline.com.br\/news\/wp-json\/wp\/v2\/types\/post"}],"author":[{"embeddable":true,"href":"https:\/\/www.corumbaonline.com.br\/news\/wp-json\/wp\/v2\/users\/1"}],"replies":[{"embeddable":true,"href":"https:\/\/www.corumbaonline.com.br\/news\/wp-json\/wp\/v2\/comments?post=23114"}],"version-history":[{"count":1,"href":"https:\/\/www.corumbaonline.com.br\/news\/wp-json\/wp\/v2\/posts\/23114\/revisions"}],"predecessor-version":[{"id":23116,"href":"https:\/\/www.corumbaonline.com.br\/news\/wp-json\/wp\/v2\/posts\/23114\/revisions\/23116"}],"wp:featuredmedia":[{"embeddable":true,"href":"https:\/\/www.corumbaonline.com.br\/news\/wp-json\/wp\/v2\/media\/23115"}],"wp:attachment":[{"href":"https:\/\/www.corumbaonline.com.br\/news\/wp-json\/wp\/v2\/media?parent=23114"}],"wp:term":[{"taxonomy":"category","embeddable":true,"href":"https:\/\/www.corumbaonline.com.br\/news\/wp-json\/wp\/v2\/categories?post=23114"},{"taxonomy":"post_tag","embeddable":true,"href":"https:\/\/www.corumbaonline.com.br\/news\/wp-json\/wp\/v2\/tags?post=23114"}],"curies":[{"name":"wp","href":"https:\/\/api.w.org\/{rel}","templated":true}]}}