{"id":23117,"date":"2018-09-29T08:37:33","date_gmt":"2018-09-29T12:37:33","guid":{"rendered":"http:\/\/www.corumbaonline.com.br\/news\/?p=23117"},"modified":"2018-09-29T09:08:30","modified_gmt":"2018-09-29T13:08:30","slug":"contas-de-luz-continuam-com-tarifa-mais-alta-em-outubro","status":"publish","type":"post","link":"https:\/\/www.corumbaonline.com.br\/news\/contas-de-luz-continuam-com-tarifa-mais-alta-em-outubro\/","title":{"rendered":"Contas de luz continuam com tarifa mais alta em outubro"},"content":{"rendered":"<p>A Ag\u00eancia Nacional de Energia El\u00e9trica (Aneel) informou ontem (28) que vai manter a cobran\u00e7a extra na conta de luz no patamar mais alto em outubro.<\/p>\n<p>Desde junho, as contas de luz est\u00e3o na bandeira vermelha, patamar 2, o que acarreta cobran\u00e7a extra de R$ 5 a cada 100 quilowatts-hora (kWh) consumidos. Segundo a ag\u00eancia, a cobran\u00e7a ser\u00e1 mantida porque ainda s\u00e3o desfavor\u00e1veis as condi\u00e7\u00f5es hidrol\u00f3gicas e por causa da queda no n\u00edvel de armazenamento dos principais reservat\u00f3rios do Sistema Interligado Nacional (SIN).<\/p>\n<p>De acordo com a Aneel, apesar da queda do Pre\u00e7o de Liquida\u00e7\u00e3o de Diferen\u00e7as (PLD), o cen\u00e1rio hidrol\u00f3gico foi desfavor\u00e1vel e n\u00e3o se vislumbrou melhora significativa do risco hidrol\u00f3gico (GSF, na sigla em ingl\u00eas). \u201cO GSF e o PLD s\u00e3o as duas vari\u00e1veis que determinam a cor da bandeira a ser acionada\u201d, informou a ag\u00eancia.<\/p>\n<div class=\"dnd-widget-wrapper context-cheio_8colunas type-image\">\n<div class=\"dnd-atom-rendered\">\n<figure class=\"mejs-fotoh-wrapper\">\n<p><figure style=\"width: 754px\" class=\"wp-caption alignnone\"><img loading=\"lazy\" decoding=\"async\" class=\"img-responsive full full\" title=\"Marcelo Camargo\/Ag\u00eancia Brasil\/Ag\u00eancia Brasil\" src=\"http:\/\/imagens.ebc.com.br\/vG6QOYwiuViH1gjW7Yf52c_PMew=\/754x0\/smart\/http:\/\/agenciabrasil.ebc.com.br\/sites\/default\/files\/atoms\/image\/1016075-28042016-capa-img_1454a-.jpg?itok=BpCDtSrR\" alt=\"Bras\u00edlia - O consumo de energia el\u00e9trica fechou os primeiros tr\u00eas meses do ano com queda acumulada de 4,2% em rela\u00e7\u00e3o ao mesmo per\u00edodo do ano passado  (Marcelo Camargo\/Ag\u00eancia Brasil)\" width=\"754\" height=\"486\" \/><figcaption class=\"wp-caption-text\">Conta com bandeira vermelha incluem cobran\u00e7a extra de R$ 5 a cada 100 kWh consumidos &#8211; Arquivo\/Ag\u00eancia Brasil<\/figcaption><\/figure><\/figure>\n<\/div>\n<\/div>\n<p>Nos quatro primeiros meses do ano, vigorou a bandeira verde, sem cobran\u00e7a extra na conta de luz. Em maio, vigorou a bandeira tarif\u00e1ria amarela, em que h\u00e1 adicional de R$ 1 na conta de energia do consumidor a cada 100 kWh consumidos.<\/p>\n<p>Em junho, quando decidiu adotar a bandeira vermelha no patamar 2, a Aneel disse que a decis\u00e3o foi tomada em raz\u00e3o do fim do per\u00edodo chuvoso e da redu\u00e7\u00e3o no volume dos reservat\u00f3rios das usinas hidrel\u00e9tricas.<\/p>\n<h2>Sistema<\/h2>\n<p>O sistema de bandeiras tarif\u00e1rias foi criado para sinalizar aos consumidores os custos reais da gera\u00e7\u00e3o de energia el\u00e9trica. A ado\u00e7\u00e3o de cada bandeira, nas cores verde (sem cobran\u00e7a extra), amarela e vermelha (patamar 1 e 2), est\u00e1 relacionada aos custos da gera\u00e7\u00e3o de energia el\u00e9trica. No patamar 1, o adicional nas contas de luz \u00e9 de R$ 3 a cada 100 kWh; no 2, de R$ 5.<\/p>\n<h2>Dicas de economia<\/h2>\n<p>Para evitar aumento significativo nas contas, a Aneel faz algumas recomenda\u00e7oes aos consumidores, entre as quais de banhos mais r\u00e1pidos para quem usa chuveiro el\u00e9trico, e optar por temperatura morna ou fria.<\/p>\n<p>A ag\u00eancia sugere tamb\u00e9m a diminui\u00e7\u00e3o no uso do ar condicionado e que, quando o aparelho for usado, n\u00e3o se deixem portas e janelas abertas. Al\u00e9m disso, \u00e9 preciso manter limpo o filtro do aparelho. Outra sugest\u00e3o \u00e9 que o consumidor fique atento ao tempo em que a porta da geladeira fica aberta e que nunca se coloquem alimentos quentes em seu interior.<\/p>\n<p>Outras dicas s\u00e3o juntar as roupas para serem passadas de uma s\u00f3 vez e n\u00e3o deixar o ferro ligado por muito tempo e, em caso de longos per\u00edodos de aus\u00eancia de casa, evitar que os aparelhos fiquem no sistema\u00a0<em>stand-by<\/em>\u00a0(em espera). Nesse caso, o mais indicado \u00e9 retir\u00e1-los da tomada.<\/p>\n","protected":false},"excerpt":{"rendered":"<p>A Ag\u00eancia Nacional de Energia El\u00e9trica (Aneel) informou ontem (28) que vai manter a cobran\u00e7a&#8230;<\/p>\n","protected":false},"author":1,"featured_media":0,"comment_status":"closed","ping_status":"closed","sticky":false,"template":"","format":"standard","meta":{"footnotes":""},"categories":[9],"tags":[],"class_list":["post-23117","post","type-post","status-publish","format-standard","hentry","category-economia"],"_links":{"self":[{"href":"https:\/\/www.corumbaonline.com.br\/news\/wp-json\/wp\/v2\/posts\/23117","targetHints":{"allow":["GET"]}}],"collection":[{"href":"https:\/\/www.corumbaonline.com.br\/news\/wp-json\/wp\/v2\/posts"}],"about":[{"href":"https:\/\/www.corumbaonline.com.br\/news\/wp-json\/wp\/v2\/types\/post"}],"author":[{"embeddable":true,"href":"https:\/\/www.corumbaonline.com.br\/news\/wp-json\/wp\/v2\/users\/1"}],"replies":[{"embeddable":true,"href":"https:\/\/www.corumbaonline.com.br\/news\/wp-json\/wp\/v2\/comments?post=23117"}],"version-history":[{"count":1,"href":"https:\/\/www.corumbaonline.com.br\/news\/wp-json\/wp\/v2\/posts\/23117\/revisions"}],"predecessor-version":[{"id":23118,"href":"https:\/\/www.corumbaonline.com.br\/news\/wp-json\/wp\/v2\/posts\/23117\/revisions\/23118"}],"wp:attachment":[{"href":"https:\/\/www.corumbaonline.com.br\/news\/wp-json\/wp\/v2\/media?parent=23117"}],"wp:term":[{"taxonomy":"category","embeddable":true,"href":"https:\/\/www.corumbaonline.com.br\/news\/wp-json\/wp\/v2\/categories?post=23117"},{"taxonomy":"post_tag","embeddable":true,"href":"https:\/\/www.corumbaonline.com.br\/news\/wp-json\/wp\/v2\/tags?post=23117"}],"curies":[{"name":"wp","href":"https:\/\/api.w.org\/{rel}","templated":true}]}}