{"id":23121,"date":"2018-09-29T08:52:18","date_gmt":"2018-09-29T12:52:18","guid":{"rendered":"http:\/\/www.corumbaonline.com.br\/news\/?p=23121"},"modified":"2018-09-29T09:17:35","modified_gmt":"2018-09-29T13:17:35","slug":"clube-de-leitura-do-sesc-corumba-comemora-um-ano-com-sessao-extra-em-outubro","status":"publish","type":"post","link":"https:\/\/www.corumbaonline.com.br\/news\/clube-de-leitura-do-sesc-corumba-comemora-um-ano-com-sessao-extra-em-outubro\/","title":{"rendered":"Clube de Leitura do Sesc Corumb\u00e1 comemora um ano com sess\u00e3o extra em outubro"},"content":{"rendered":"<p class=\"x_MsoNormal\">Para celebrar o anivers\u00e1rio de Corumb\u00e1, o Sesc realizar\u00e1 um encontro especial com a Literatura em uma sess\u00e3o extra do Clube de Leitura, no dia 06 de outubro, \u00e0s 18h. Dessa vez, a obra a ser discutida \u00e9 o livro &#8220;O amor nos tempos do c\u00f3lera&#8221;, de Gabriel Garcia Marquez.<\/p>\n<p class=\"x_MsoNormal\">&#8220;Ser\u00e1 uma forma de celebrar o anivers\u00e1rio da cidade e o anivers\u00e1rio de 01 ano do nosso encontro com esse livro e esta hist\u00f3ria magn\u00edfica do nosso Gabo. Quem n\u00e3o teve oportunidade de estar conosco no ano passado pode terminar suas leituras e correr para se apaixonar conosco&#8221;, comenta a gerente do Sesc Corumb\u00e1, Thayn\u00e1 Cambar\u00e1.<\/p>\n<p class=\"x_MsoNormal\">A obra conta a hist\u00f3ria real dos pais de Gabriel Garc\u00eda M\u00e1rquez, o telegrafista, violinista e poeta Gabriel El\u00edgio Garci\u00e1, que se apaixonou por Luiza M\u00e1rquez. O romance enfrentou a oposi\u00e7\u00e3o do pai da mo\u00e7a, coronel Nicolas, que tentou impedir o casamento enviando a filha ao interior numa viagem de um ano. Para manter seu amor, Gabriel montou, com a ajuda de amigos telegrafistas, uma rede de comunica\u00e7\u00e3o que alcan\u00e7ava Luiza onde ela estivesse.<\/p>\n<p class=\"x_MsoNormal\">O Clube de Leitura Corumb\u00e1, Lad\u00e1rio e regi\u00e3o foi criado em 2015 por um grupo de leitoras que buscavam canais para debater as obras. Para participar, \u00e9 s\u00f3 antes ler o livro \u2013 os escolhidos sempre integram o acervo do Sesc Corumb\u00e1. Quem participa pode participar da vota\u00e7\u00e3o dos livros a serem discutidos nos outros meses.<\/p>\n","protected":false},"excerpt":{"rendered":"<p>Para celebrar o anivers\u00e1rio de Corumb\u00e1, o Sesc realizar\u00e1 um encontro especial com a Literatura&#8230;<\/p>\n","protected":false},"author":1,"featured_media":0,"comment_status":"closed","ping_status":"closed","sticky":false,"template":"","format":"standard","meta":{"footnotes":""},"categories":[7],"tags":[],"class_list":["post-23121","post","type-post","status-publish","format-standard","hentry","category-cultura"],"_links":{"self":[{"href":"https:\/\/www.corumbaonline.com.br\/news\/wp-json\/wp\/v2\/posts\/23121","targetHints":{"allow":["GET"]}}],"collection":[{"href":"https:\/\/www.corumbaonline.com.br\/news\/wp-json\/wp\/v2\/posts"}],"about":[{"href":"https:\/\/www.corumbaonline.com.br\/news\/wp-json\/wp\/v2\/types\/post"}],"author":[{"embeddable":true,"href":"https:\/\/www.corumbaonline.com.br\/news\/wp-json\/wp\/v2\/users\/1"}],"replies":[{"embeddable":true,"href":"https:\/\/www.corumbaonline.com.br\/news\/wp-json\/wp\/v2\/comments?post=23121"}],"version-history":[{"count":1,"href":"https:\/\/www.corumbaonline.com.br\/news\/wp-json\/wp\/v2\/posts\/23121\/revisions"}],"predecessor-version":[{"id":23122,"href":"https:\/\/www.corumbaonline.com.br\/news\/wp-json\/wp\/v2\/posts\/23121\/revisions\/23122"}],"wp:attachment":[{"href":"https:\/\/www.corumbaonline.com.br\/news\/wp-json\/wp\/v2\/media?parent=23121"}],"wp:term":[{"taxonomy":"category","embeddable":true,"href":"https:\/\/www.corumbaonline.com.br\/news\/wp-json\/wp\/v2\/categories?post=23121"},{"taxonomy":"post_tag","embeddable":true,"href":"https:\/\/www.corumbaonline.com.br\/news\/wp-json\/wp\/v2\/tags?post=23121"}],"curies":[{"name":"wp","href":"https:\/\/api.w.org\/{rel}","templated":true}]}}