{"id":23139,"date":"2018-10-01T08:28:35","date_gmt":"2018-10-01T12:28:35","guid":{"rendered":"http:\/\/www.corumbaonline.com.br\/news\/?p=23139"},"modified":"2018-10-01T08:44:32","modified_gmt":"2018-10-01T12:44:32","slug":"ifms-semana-de-ciencia-e-tecnologia-tem-inicio-nesta-segunda-feira","status":"publish","type":"post","link":"https:\/\/www.corumbaonline.com.br\/news\/ifms-semana-de-ciencia-e-tecnologia-tem-inicio-nesta-segunda-feira\/","title":{"rendered":"IFMS: Semana de Ci\u00eancia e Tecnologia tem in\u00edcio nesta segunda-feira"},"content":{"rendered":"<p>Entre os dias 1\u00ba e 5 de outubro, o Instituto Federal de Mato Grosso do Sul (IFMS) promove a edi\u00e7\u00e3o 2018 da Semana de Ci\u00eancia e Tecnologia (SCT). Com o tema &#8220;Ci\u00eancia para a Redu\u00e7\u00e3o das Desigualdades&#8221;, o evento ser\u00e1 realizado em Aquidauana, Campo Grande, Corumb\u00e1, Coxim, Dourados, Jardim, Navira\u00ed, Nova Andradina, Ponta Por\u00e3 e Tr\u00eas Lagoas.<\/p>\n<p>Al\u00e9m das Feiras de Ci\u00eancia e Tecnologia que ser\u00e3o realizadas nos dez munic\u00edpios, tamb\u00e9m est\u00e3o previstos minicursos, palestras, oficinas, mesas redondas, semin\u00e1rios, entre outras atividades.<\/p>\n<p>Parte das atividades \u00e9 aberta ao p\u00fablico, enquanto outras s\u00e3o destinadas exclusivamente aos estudantes do IFMS.<\/p>\n<p>Em Aquidauana, uma das a\u00e7\u00f5es previstas \u00e9 a Mostra de Laborat\u00f3rios. Alunos de escolas p\u00fablicas ir\u00e3o visitar os laborat\u00f3rios do campus para conhecer a infraestrutura, os rob\u00f4s desenvolvidos no IFMS e uma super bolha de sab\u00e3o.<\/p>\n<p>No Campus Corumb\u00e1, haver\u00e1 uma Maratona de Programa\u00e7\u00e3o na qual estudantes do curso superior de An\u00e1lise e Desenvolvimento de Sistemas do IFMS ter\u00e3o que solucionar um problema real apresentado por um m\u00e9dico.<\/p>\n<p>Um minicurso que ensina os participantes as t\u00e9cnicas para criar insetos para uso na alimenta\u00e7\u00e3o humana e animal \u00e9 um dos destaques da Semana de Ci\u00eancia e Tecnologia em Coxim.<\/p>\n<p>Em Dourados, uma das oficinas ser\u00e1 voltada \u00e0 instala\u00e7\u00e3o e manuten\u00e7\u00e3o de desktop. Os estudantes que forem participar v\u00e3o aprender a montar e desmontar dispositivos, al\u00e9m de instalar sistemas operacionais.<\/p>\n<p>Construir e monitorar esta\u00e7\u00f5es clim\u00e1ticas. Esse ser\u00e1 o conte\u00fado abordado em um minicurso oferecido pelo Laborat\u00f3rio de Inova\u00e7\u00e3o do Campus Jardim.<\/p>\n<p>Em Nova Andradina, um dos minicursos \u00e9 voltado aos estudantes do curso de Zootecnia, que receber\u00e3o informa\u00e7\u00f5es sobre tecnologia, classifica\u00e7\u00e3o, qualidade, legisla\u00e7\u00e3o, marketing, comercializa\u00e7\u00e3o e processamento na produ\u00e7\u00e3o do mel.<\/p>\n<p>O Campus Tr\u00eas Lagoas ir\u00e1 oferecer uma s\u00e9rie de minicursos que v\u00e3o abordar temas como a constru\u00e7\u00e3o de sites, montagem de circuitos el\u00e9tricos no Tinkercard e Autocad.<\/p>\n<p>A programa\u00e7\u00e3o completa do evento por munic\u00edpio est\u00e1 dispon\u00edvel na\u00a0<a class=\"external-link\" title=\"p\u00e1gina da SCT 2018\" href=\"http:\/\/www.ifms.edu.br\/semanact\" target=\"_blank\" rel=\"noopener noreferrer\">p\u00e1gina da SCT 2018<\/a>.<\/p>\n<p><strong>Feiras<\/strong>\u00a0&#8211; Ser\u00e3o promovidas em Aquidauana (Feciaq), Campo Grande (Fecintec), Corumb\u00e1 (Fecipan), Coxim (Fecitecx), Dourados (Fecigran), Jardim (Fecioeste), Navira\u00ed (Fecinavi), Nova Andradina (Fecinova), Ponta Por\u00e3 (Fecifron) e Tr\u00eas Lagoas (Fecitel), conforme cronograma da tabela abaixo.<\/p>\n<p>Ser\u00e3o apresentados trabalhos de estudantes do 6\u00ba ao 9\u00ba ano do ensino fundamental, do ensino m\u00e9dio e do t\u00e9cnico integrado, de institui\u00e7\u00f5es de ensino p\u00fablicas e privadas dos munic\u00edpios da\u00a0<a class=\"external-link\" title=\"\" href=\"http:\/\/selecao.ifms.edu.br\/edital\/files\/feiras-de-ciencia-e-tecnologia-2018-edital-no-046-2018-anexo-1-abrangencia-municipios.pdf\" target=\"_blank\" rel=\"noopener noreferrer\">\u00e1rea de abrang\u00eancia<\/a>\u00a0dos campi do IFMS.<\/p>\n<p>A lista de trabalhos que ser\u00e3o apresentados ser\u00e1 divulgada nesta sexta-feira, 28, na\u00a0<a class=\"external-link\" title=\"Central de Sele\u00e7\u00e3o do IFMS\" href=\"http:\/\/selecao.ifms.edu.br\/perfil\/outras\/feiras-de-ciencia-e-tecnologia-2018-edital-no-046-2018\" target=\"_blank\" rel=\"noopener noreferrer\">Central de Sele\u00e7\u00e3o do IFMS<\/a>.<\/p>\n<p>Durante as feiras,\u00a0os trabalhos ser\u00e3o analisados por comiss\u00f5es avaliadoras formadas por professores e pesquisadores de universidades, institutos federais, escolas p\u00fablicas e privadas, institui\u00e7\u00f5es de pesquisa e demais \u00f3rg\u00e3os p\u00fablicos.<\/p>\n<p>Ser\u00e3o premiados trabalhos nas categorias n\u00edvel m\u00e9dio\/t\u00e9cnico integrado e n\u00edvel fundamental, al\u00e9m de melhor p\u00f4ster\/banner, maquete\/prot\u00f3tipo, apresenta\u00e7\u00e3o oral, relat\u00f3rio, e projeto na categoria n\u00edvel m\u00e9dio\/t\u00e9cnico.<\/p>\n<p>Todos os autores dos trabalhos receber\u00e3o certificado de participa\u00e7\u00e3o.<\/p>\n<p>As informa\u00e7\u00f5es sobre os eventos por munic\u00edpio est\u00e3o dispon\u00edveis na\u00a0<a class=\"external-link\" title=\"p\u00e1gina das Feiras\" href=\"http:\/\/sistemas.ifms.edu.br\/feiradecienciaetecnologia\/2018\/\" target=\"_blank\" rel=\"noopener noreferrer\">p\u00e1gina das Feiras<\/a>.<\/p>\n<p><strong>Feiras de Ci\u00eancia e Tecnologia do IFMS 2018<\/strong><\/p>\n<table class=\"plain\">\n<tbody>\n<tr>\n<td><strong>Evento<\/strong><\/td>\n<td><strong>Data<\/strong><\/td>\n<\/tr>\n<tr>\n<td>Feira de Ci\u00eancia e Tecnologia de Aquidauana (Feciaq)<\/td>\n<td>01, 02 e 05\/10<\/td>\n<\/tr>\n<tr>\n<td>Feira de Ci\u00eancia e Tecnologia de Campo Grande (Fecintec)<\/td>\n<td>03 a 05\/10<\/td>\n<\/tr>\n<tr>\n<td>Feira de Ci\u00eancia e Tecnologia do Pantanal em Corumb\u00e1 (Fecipan)<\/td>\n<td>04 a 06\/10<\/td>\n<\/tr>\n<tr>\n<td>Feira de Ci\u00eancia e Tecnologia de Coxim (Fecitecx)<\/td>\n<td>03 e 04\/10<\/td>\n<\/tr>\n<tr>\n<td>Feira de Ci\u00eancia e Tecnologia da Grande Dourados (Fecigran)<\/td>\n<td>04 e 05\/10<\/td>\n<\/tr>\n<tr>\n<td>Feira de Ci\u00eancia e Tecnologia da Regi\u00e3o Sudoeste em Jardim (Fecioeste)<\/td>\n<td>03 a 05\/10<\/td>\n<\/tr>\n<tr>\n<td>Feira de Ci\u00eancia e Tecnologia de Navira\u00ed (Fecinavi)<\/td>\n<td>04 e 05\/10<\/td>\n<\/tr>\n<tr>\n<td>Feira de Ci\u00eancia e Tecnologia de Nova Andradina (Fecinova)<\/td>\n<td>02, 03 e 05\/10<\/td>\n<\/tr>\n<tr>\n<td>Feira de Ci\u00eancia e Tecnologia da Fronteira de Ponta Por\u00e3 (Fecifron)<\/td>\n<td>02 e 03\/10<\/td>\n<\/tr>\n<tr>\n<td>Feira de Ci\u00eancia e Tecnologia de Tr\u00eas Lagoas (Fecitel)<\/td>\n<td>02, 03 e 05\/10<\/td>\n<\/tr>\n<\/tbody>\n<\/table>\n","protected":false},"excerpt":{"rendered":"<p>Entre os dias 1\u00ba e 5 de outubro, o Instituto Federal de Mato Grosso do&#8230;<\/p>\n","protected":false},"author":1,"featured_media":0,"comment_status":"closed","ping_status":"closed","sticky":false,"template":"","format":"standard","meta":{"footnotes":""},"categories":[10],"tags":[],"class_list":["post-23139","post","type-post","status-publish","format-standard","hentry","category-educacao"],"_links":{"self":[{"href":"https:\/\/www.corumbaonline.com.br\/news\/wp-json\/wp\/v2\/posts\/23139","targetHints":{"allow":["GET"]}}],"collection":[{"href":"https:\/\/www.corumbaonline.com.br\/news\/wp-json\/wp\/v2\/posts"}],"about":[{"href":"https:\/\/www.corumbaonline.com.br\/news\/wp-json\/wp\/v2\/types\/post"}],"author":[{"embeddable":true,"href":"https:\/\/www.corumbaonline.com.br\/news\/wp-json\/wp\/v2\/users\/1"}],"replies":[{"embeddable":true,"href":"https:\/\/www.corumbaonline.com.br\/news\/wp-json\/wp\/v2\/comments?post=23139"}],"version-history":[{"count":1,"href":"https:\/\/www.corumbaonline.com.br\/news\/wp-json\/wp\/v2\/posts\/23139\/revisions"}],"predecessor-version":[{"id":23140,"href":"https:\/\/www.corumbaonline.com.br\/news\/wp-json\/wp\/v2\/posts\/23139\/revisions\/23140"}],"wp:attachment":[{"href":"https:\/\/www.corumbaonline.com.br\/news\/wp-json\/wp\/v2\/media?parent=23139"}],"wp:term":[{"taxonomy":"category","embeddable":true,"href":"https:\/\/www.corumbaonline.com.br\/news\/wp-json\/wp\/v2\/categories?post=23139"},{"taxonomy":"post_tag","embeddable":true,"href":"https:\/\/www.corumbaonline.com.br\/news\/wp-json\/wp\/v2\/tags?post=23139"}],"curies":[{"name":"wp","href":"https:\/\/api.w.org\/{rel}","templated":true}]}}