{"id":23147,"date":"2018-10-01T09:17:07","date_gmt":"2018-10-01T13:17:07","guid":{"rendered":"http:\/\/www.corumbaonline.com.br\/news\/?p=23147"},"modified":"2018-10-01T09:25:02","modified_gmt":"2018-10-01T13:25:02","slug":"falta-de-conselhos-dificulta-execucao-completa-do-estatuto-do-idoso","status":"publish","type":"post","link":"https:\/\/www.corumbaonline.com.br\/news\/falta-de-conselhos-dificulta-execucao-completa-do-estatuto-do-idoso\/","title":{"rendered":"Falta de conselhos dificulta execu\u00e7\u00e3o completa do Estatuto do Idoso"},"content":{"rendered":"<p>Apesar do Estatuto do Idoso ser considerado um modelo para outros pa\u00edses, especialistas ponderam que, depois de 15 anos, a legisla\u00e7\u00e3o ainda n\u00e3o est\u00e1 totalmente implementada e o cumprimento de v\u00e1rios artigos \u00e9 completamente ignorado em muitas partes do Brasil.<\/p>\n<p>Preconceito e falta de conscientiza\u00e7\u00e3o est\u00e3o entre as principais barreiras para efetiva\u00e7\u00e3o das pol\u00edticas. \u201cO estatuto \u00e9 ignorado muitas vezes pelas pr\u00f3prias autoridades que deveriam monitorar e implementar. O acesso a servi\u00e7os ainda \u00e9 lament\u00e1vel e em algumas \u00e1reas h\u00e1 retrocessos. H\u00e1 discrimina\u00e7\u00f5es flagrantes pela pessoa ser uma idosa. N\u00f3s temos muito caminho a percorrer para que esse estatuto possa realmente ser uma conquista e n\u00e3o apenas um belo documento acumulando poeira na prateleira\u201d, diz Alexandre Kalache, presidente do Centro Internacional de Longevidade.<\/p>\n<h2>Conselhos de direitos<\/h2>\n<p>Uma das dificuldades para a implementa\u00e7\u00e3o est\u00e1 a pouca estrutura dos chamados conselhos de direitos da pessoa idosa, que atuam na articula\u00e7\u00e3o e fiscaliza\u00e7\u00e3o de pol\u00edticas p\u00fablicas em \u00e2mbito local. Em todo o pa\u00eds, h\u00e1 cerca de 200 conselhos municipais, para mais de 5,5 mil cidades.<\/p>\n<div class=\"dnd-widget-wrapper context-grande_6colunas type-image atom-align-right\">\n<div class=\"dnd-atom-rendered\">\n<figure class=\"mejs-fotoh-wrapper\">\n<p><figure style=\"width: 463px\" class=\"wp-caption alignnone\"><img loading=\"lazy\" decoding=\"async\" class=\"img-responsive full full\" title=\"Marcelo Camargo\/Ag\u00eancia Brasil\/Ag\u00eancia Brasil\" src=\"http:\/\/imagens.ebc.com.br\/d89ENrA1DoJzkuA8g9e39L84ujQ=\/463x0\/smart\/http:\/\/agenciabrasil.ebc.com.br\/sites\/default\/files\/thumbnails\/image\/mcamg_abr_280918_6541_1.jpg?itok=6YY-JJ7l\" alt=\"Idosos na regi\u00e3o central de Bras\u00edlia.\" width=\"463\" height=\"309\" \/><figcaption class=\"wp-caption-text\">Idoso na regi\u00e3o central de Bras\u00edlia (Marcelo Camargo\/Ag\u00eancia Brasil)<\/figcaption><\/figure><\/figure>\n<\/div>\n<\/div>\n<p>\u201cTemos um n\u00famero maior de conselhos para crian\u00e7as e adolescentes. O de idosos ainda \u00e9 muito t\u00edmido. T\u00eam conselhos criados h\u00e1 muito tempo, mas n\u00e3o regulamentados com fundo que possa receber recursos para fazer a execu\u00e7\u00e3o da pol\u00edtica p\u00fablica do munic\u00edpio\u201d, destacou Laura Machado, representante da Associa\u00e7\u00e3o Internacional de Gerontologia e Geriatria na ONU e membro do conselho do HelpAge Internacional.<\/p>\n<p>Ela explica que a estrutura\u00e7\u00e3o dos conselhos ainda \u00e9 recente e a implementa\u00e7\u00e3o do estatuto \u00e9 diferenciada entre os estados devido \u00e0 heterogeneidade do pa\u00eds. Alguns munic\u00edpios avan\u00e7aram mais do que outros, mas enfrentam desafios de dar continuidade \u00e0s pol\u00edticas, que ficam sujeitas \u00e0s mudan\u00e7as pol\u00edticas. Segunda Laura Machado, onde h\u00e1 conselho, existe mais envolvimentos dos gestores e a\u00e7\u00f5es direcionadas para os idosos. Onde n\u00e3o h\u00e1 conselho, h\u00e1 uma depend\u00eancia dos gestores municipais e iniciativas aut\u00f4nomas.<\/p>\n<p>O Estatuto do Idoso n\u00e3o prev\u00ea formas de financiamento para sua implementa\u00e7\u00e3o. A legisla\u00e7\u00e3o permite que as empresas destinem 1% do imposto devido para os conselhos de direitos humanos, mas muitos empres\u00e1rios desconhecem ou n\u00e3o t\u00eam interesse.<\/p>\n<p>Com a aus\u00eancia dos conselhos, a assist\u00eancia aos idosos \u00e9 feita por volunt\u00e1rios da Pastoral da Pessoa Idosa. A entidade visita cerca de 145 mil idosos por m\u00eas, em 909 munic\u00edpios de todos os estados.<\/p>\n<p>\u201c\u00c0s vezes, por influ\u00eancia dos volunt\u00e1rios da Pastoral \u00e9 que come\u00e7a a ser discutida a necessidade do conselho\u201d, relata Terezinha Tortelli, coordenadora da Pastoral.<\/p>\n<p>Segundo o Minist\u00e9rio dos Direitos Humanos (MDH), o Fundo Nacional do Idoso, criado em 2010, recebeu de 2011 a 2014, mais de R$ 20,5 milh\u00f5es de recursos. Do montante, 24,3% correspondem a doa\u00e7\u00f5es de pessoas f\u00edsicas e jur\u00eddicas, 27,8% foram captados por rendimentos de aplica\u00e7\u00f5es financeiras e 27,1% foram transferidos pelo Tesouro Nacional.<\/p>\n<p>Em 2015, foi criado um cadastro de fundos estaduais, distrital e municipais do idoso para ampliar os dados sobre a arrecada\u00e7\u00e3o. O MDH informou que este ano 41 conselhos (18 estaduais, 22 municipais e o Distrito Federal) receberam carros novos, equipamentos de inform\u00e1tica e mobili\u00e1rio para escrit\u00f3rio.<\/p>\n<h2>&#8220;Envelhecimento tem cara\u00a0feminina&#8221;<\/h2>\n<p>O pa\u00eds tem\u00a0hoje\u00a030 milh\u00f5es de idosos, n\u00famero que pode dobrar at\u00e9 2060, segundo proje\u00e7\u00f5es do Instituto Brasileiro de Geografia e Estat\u00edstica (IBGE). Apesar de o brasileiro viver cada vez mais, os especialistas alertam que a sociedade ainda trata com indiferen\u00e7a o envelhecimento, o que impossibilita ou dificulta a prepara\u00e7\u00e3o para esta fase da vida.<\/p>\n<p>\u201cAs pessoas acham, sobretudo os homens, que s\u00e3o m\u00e1quinas indestrut\u00edveis e n\u00e3o pensam, tanto em rela\u00e7\u00e3o ao capital financeiro, como o capital de sa\u00fade, que quanto mais cedo voc\u00ea acumular, melhor. E n\u00f3s temos essa mentalidade de que envelhecimento n\u00e3o tem nada a ver comigo\u201d, alerta Kalache.<\/p>\n<div class=\"dnd-widget-wrapper context-cheio_8colunas type-image\">\n<div class=\"dnd-atom-rendered\">\n<figure class=\"mejs-fotoh-wrapper\">\n<p><figure style=\"width: 754px\" class=\"wp-caption alignnone\"><img loading=\"lazy\" decoding=\"async\" class=\"img-responsive full full\" title=\"Tomaz Silva\/Ag\u00eancia Brasil\/Ag\u00eancia Brasil\" src=\"http:\/\/imagens.ebc.com.br\/fYve5nsZdVQG6ERGSbHBqSTe-tc=\/754x0\/smart\/http:\/\/agenciabrasil.ebc.com.br\/sites\/default\/files\/thumbnails\/image\/tmazs_abr_260720180441.jpg?itok=pwGYbkpD\" alt=\"Idosas conversam no Largo do Machado, na zona sul do Rio.\" width=\"754\" height=\"503\" \/><figcaption class=\"wp-caption-text\">Idosas conversam no Largo do Machado, na zona sul do Rio (Arquivo\/Tomaz Silva\/Ag\u00eancia Brasil)<\/figcaption><\/figure><\/figure>\n<\/div>\n<\/div>\n<p>Para idosos de baixa renda, a garantia dos direitos \u00e9 ainda mais dif\u00edcil. Se a pessoa idosa for mulher, negra, por exemplo, a exclus\u00e3o \u00e9 maior ao passar dos 60 anos de idade. Segundo o IBGE, as mulheres representam 56% dos idosos e os negros 55%.<\/p>\n<blockquote><p>\u201cO envelhecimento tem uma cara feminina, porque quanto mais idosa a popula\u00e7\u00e3o, mais mulher voc\u00ea encontra. Voc\u00ea tem a\u00ed uma discrimina\u00e7\u00e3o dupla: de g\u00eanero e do envelhecimento. Outra discrimina\u00e7\u00e3o dupla \u00e9 voc\u00ea ser negro e envelhecer. \u00c9 uma vida de exclus\u00f5es, de viola\u00e7\u00f5es que o envelhecimento agrava\u201d, destaca Kalache.<\/p><\/blockquote>\n<p>Outro grupo vulner\u00e1vel \u00e9 a popula\u00e7\u00e3o LGBT. \u201cS\u00e3o pessoas que vieram de outras gera\u00e7\u00f5es, de uma realidade em que n\u00e3o podiam nem sair do arm\u00e1rio e agora tem um capital social reduzido. E o estatuto do idoso n\u00e3o contempla essas minorias\u201d, completa.<\/p>\n<p>O preconceito em rela\u00e7\u00e3o aos idosos se deve, de acordo com os profissionais da \u00e1rea, \u00e9 a falta de informa\u00e7\u00e3o e educa\u00e7\u00e3o voltada para o processo de envelhecimento.<\/p>\n<p>\u201cH\u00e1 um pouco de olhar equivocado sobre o envelhecimento de uma maneira geral. A express\u00e3o \u2018melhor idade\u201d mascara uma realidade, talvez inconscientemente, querendo enaltecer o lado positivo. S\u00f3 que n\u00e3o d\u00e1 pra ignorar que uma grande parcela da popula\u00e7\u00e3o idosa n\u00e3o tem benesses, n\u00e3o consegue usufruir de momentos melhores\u201d, afirmou Terezinha Tortelli.<\/p>\n<p>A coordenadora da Pastoral da Pessoa Idosa lamenta ainda que as escolas trabalhem pouco o assunto. \u201cFalta de fato as escolas aderirem e colocarem no curr\u00edculo, n\u00e3o s\u00f3 escolas para crian\u00e7as, o ensino fundamental, mas tamb\u00e9m as universidades, que tenha uma carga hor\u00e1ria x que contemple a tem\u00e1tica ou que nos temas diversos se traga tamb\u00e9m o tema do envelhecimento\u201d.<\/p>\n<p>A Secretaria Nacional de Promo\u00e7\u00e3o e Defesa dos Direitos da Pessoa Idosa informou que este ano foi criado o programa Estrat\u00e9gia Brasil Amigo da Pessoa Idosa, com o objetivo de ampliar a qualidade de vida e promover envelhecimento saud\u00e1vel e ativo, em parceria com os estados e munic\u00edpios.<\/p>\n<p>A pasta informou que o Programa Nacional de Educa\u00e7\u00e3o Continuada de Direitos Humanos prev\u00ea a oferta gratuita de cursos \u00e0 dist\u00e2ncia\u00a0sobre assist\u00eancia e direitos dos idosos.<\/p>\n","protected":false},"excerpt":{"rendered":"<p>Apesar do Estatuto do Idoso ser considerado um modelo para outros pa\u00edses, especialistas ponderam que,&#8230;<\/p>\n","protected":false},"author":1,"featured_media":0,"comment_status":"closed","ping_status":"closed","sticky":false,"template":"","format":"standard","meta":{"footnotes":""},"categories":[14],"tags":[],"class_list":["post-23147","post","type-post","status-publish","format-standard","hentry","category-geral"],"_links":{"self":[{"href":"https:\/\/www.corumbaonline.com.br\/news\/wp-json\/wp\/v2\/posts\/23147","targetHints":{"allow":["GET"]}}],"collection":[{"href":"https:\/\/www.corumbaonline.com.br\/news\/wp-json\/wp\/v2\/posts"}],"about":[{"href":"https:\/\/www.corumbaonline.com.br\/news\/wp-json\/wp\/v2\/types\/post"}],"author":[{"embeddable":true,"href":"https:\/\/www.corumbaonline.com.br\/news\/wp-json\/wp\/v2\/users\/1"}],"replies":[{"embeddable":true,"href":"https:\/\/www.corumbaonline.com.br\/news\/wp-json\/wp\/v2\/comments?post=23147"}],"version-history":[{"count":1,"href":"https:\/\/www.corumbaonline.com.br\/news\/wp-json\/wp\/v2\/posts\/23147\/revisions"}],"predecessor-version":[{"id":23148,"href":"https:\/\/www.corumbaonline.com.br\/news\/wp-json\/wp\/v2\/posts\/23147\/revisions\/23148"}],"wp:attachment":[{"href":"https:\/\/www.corumbaonline.com.br\/news\/wp-json\/wp\/v2\/media?parent=23147"}],"wp:term":[{"taxonomy":"category","embeddable":true,"href":"https:\/\/www.corumbaonline.com.br\/news\/wp-json\/wp\/v2\/categories?post=23147"},{"taxonomy":"post_tag","embeddable":true,"href":"https:\/\/www.corumbaonline.com.br\/news\/wp-json\/wp\/v2\/tags?post=23147"}],"curies":[{"name":"wp","href":"https:\/\/api.w.org\/{rel}","templated":true}]}}