{"id":23154,"date":"2018-10-01T09:56:47","date_gmt":"2018-10-01T13:56:47","guid":{"rendered":"http:\/\/www.corumbaonline.com.br\/news\/?p=23154"},"modified":"2018-10-01T10:03:30","modified_gmt":"2018-10-01T14:03:30","slug":"nova-camara-deve-aumentar-bancadas-de-esquerda-e-direita","status":"publish","type":"post","link":"https:\/\/www.corumbaonline.com.br\/news\/nova-camara-deve-aumentar-bancadas-de-esquerda-e-direita\/","title":{"rendered":"Nova C\u00e2mara deve aumentar bancadas de esquerda e direita"},"content":{"rendered":"<p>A C\u00e2mara dos Deputados que sair\u00e1 das urnas em outubro\u00a0ter\u00e1, al\u00e9m de um elevado \u00edndice de reelei\u00e7\u00e3o, nomes conhecidos na pol\u00edtica brasileira, como deputados estaduais, senadores, ex-ministros, ex-prefeitos, ex-secret\u00e1rios e ex-parlamentares, ocupando as vagas dos que n\u00e3o tentaram ou n\u00e3o conseguiram renovar o mandato. As caras novas vir\u00e3o da escolha de policiais, evang\u00e9licos e celebridades ou da for\u00e7a do dinheiro e da rela\u00e7\u00e3o de parentesco com oligarquias pol\u00edticas.<\/p>\n<p>A proje\u00e7\u00e3o foi feita pelo Departamento Intersindical de Assessoria Parlamentar (Diap), com base na estrat\u00e9gia dos partidos pol\u00edticos de lan\u00e7ar nomes competitivos para disputar a C\u00e2mara dos Deputados. Para refor\u00e7ar as bancadas de deputado federal, que definem os repasses do fundo partid\u00e1rio e o hor\u00e1rio partid\u00e1rio, as legendas escalaram seus principais nomes para a C\u00e2mara e fizeram coliga\u00e7\u00f5es competitivas.<\/p>\n<p>Uma movimenta\u00e7\u00e3o dos senadores indica, al\u00e9m de uma preocupa\u00e7\u00e3o individual com a derrota na elei\u00e7\u00e3o majorit\u00e1ria, a estrat\u00e9gia dos partidos de refor\u00e7ar a C\u00e2mara. Os senadores A\u00e9cio Neves (PSDB-MG), Jos\u00e9 Agripino Maia (DEM-RN), Gleisi Hoffmann (PT-PR), presidente nacional do PT, e L\u00eddice da Mata (PSB-BA), por exemplo, disputam uma cadeira de deputado federal e tendem a puxar votos para suas legendas.<\/p>\n<p>Nessa linha, o deputado estadual Marcelo Freixo (PSOL-RJ) concorre \u00e0 C\u00e2mara, assim como o ex-ministro da Sa\u00fade Alexandre Padilha (PT-SP), o ex-ministro da Cultura Marcelo Calero (PPS-RJ), o ex-ministro do Trabalho Manuel Dias (PDT-SC) e o ex-deputado federal Marcelo Itagiba (PPS-RJ).<\/p>\n<p>Segundo levantamento preliminar, coordenado pelo analista pol\u00edtico Ant\u00f4nio Augusto de Queiroz, diretor do Diap, a composi\u00e7\u00e3o das bancadas n\u00e3o ser\u00e1 muito diferente da atual. Conforme a an\u00e1lise, haver\u00e1 um leve crescimento dos partidos de esquerda e de direita, acompanhado de uma discreta redu\u00e7\u00e3o das legendas de centro.<\/p>\n<p>O PT continuar\u00e1 tendo a maior bancada de deputados federais, com 55 a 65 integrantes, conforme o levantamento do Diap, seguido de MDB (44 a 50), PSDB (42 a 50), PP (40 a 48) e PSD (40 a 48). Em um segundo bloco, est\u00e3o PR, DEM, PSB, PDT e PRB, com bancadas que devem ficar entre 20 e 40 deputados. PSL, PTB, Pros, PSC, PPS, PCdoB, Pode, PSOL e SD devem eleger entre\u00a0dez e 20\u00a0deputados. Outros partidos n\u00e3o devem eleger mais do que dez parlamentares.<\/p>\n","protected":false},"excerpt":{"rendered":"<p>A C\u00e2mara dos Deputados que sair\u00e1 das urnas em outubro\u00a0ter\u00e1, al\u00e9m de um elevado \u00edndice&#8230;<\/p>\n","protected":false},"author":1,"featured_media":0,"comment_status":"closed","ping_status":"closed","sticky":false,"template":"","format":"standard","meta":{"footnotes":""},"categories":[101,19],"tags":[],"class_list":["post-23154","post","type-post","status-publish","format-standard","hentry","category-eleicoes","category-politica"],"_links":{"self":[{"href":"https:\/\/www.corumbaonline.com.br\/news\/wp-json\/wp\/v2\/posts\/23154","targetHints":{"allow":["GET"]}}],"collection":[{"href":"https:\/\/www.corumbaonline.com.br\/news\/wp-json\/wp\/v2\/posts"}],"about":[{"href":"https:\/\/www.corumbaonline.com.br\/news\/wp-json\/wp\/v2\/types\/post"}],"author":[{"embeddable":true,"href":"https:\/\/www.corumbaonline.com.br\/news\/wp-json\/wp\/v2\/users\/1"}],"replies":[{"embeddable":true,"href":"https:\/\/www.corumbaonline.com.br\/news\/wp-json\/wp\/v2\/comments?post=23154"}],"version-history":[{"count":1,"href":"https:\/\/www.corumbaonline.com.br\/news\/wp-json\/wp\/v2\/posts\/23154\/revisions"}],"predecessor-version":[{"id":23155,"href":"https:\/\/www.corumbaonline.com.br\/news\/wp-json\/wp\/v2\/posts\/23154\/revisions\/23155"}],"wp:attachment":[{"href":"https:\/\/www.corumbaonline.com.br\/news\/wp-json\/wp\/v2\/media?parent=23154"}],"wp:term":[{"taxonomy":"category","embeddable":true,"href":"https:\/\/www.corumbaonline.com.br\/news\/wp-json\/wp\/v2\/categories?post=23154"},{"taxonomy":"post_tag","embeddable":true,"href":"https:\/\/www.corumbaonline.com.br\/news\/wp-json\/wp\/v2\/tags?post=23154"}],"curies":[{"name":"wp","href":"https:\/\/api.w.org\/{rel}","templated":true}]}}