{"id":23156,"date":"2018-10-01T10:13:07","date_gmt":"2018-10-01T14:13:07","guid":{"rendered":"http:\/\/www.corumbaonline.com.br\/news\/?p=23156"},"modified":"2018-10-01T10:10:13","modified_gmt":"2018-10-01T14:10:13","slug":"corumba-apresenta-relatorios-fiscais-do-2-quadrimestres-de-2018","status":"publish","type":"post","link":"https:\/\/www.corumbaonline.com.br\/news\/corumba-apresenta-relatorios-fiscais-do-2-quadrimestres-de-2018\/","title":{"rendered":"Corumb\u00e1 apresenta relat\u00f3rios fiscais do 2\u00b0 quadrimestres de 2018"},"content":{"rendered":"<p>A Prefeitura de Corumb\u00e1 apresentou na sexta-feira, 28 de setembro, os relat\u00f3rios de gest\u00e3o fiscal 2\u00ba quadrimestre de 2018 (per\u00edodo de maio a agosto de 2018) e o projeto de Lei Or\u00e7ament\u00e1ria Anual (LOA) para 2019.<\/p>\n<p>&nbsp;<\/p>\n<p>A apresenta\u00e7\u00e3o aconteceu durante audi\u00eancia p\u00fablica conjunta dos Poderes Executivo e Legislativo no plen\u00e1rio da C\u00e2mara Municipal. A apresenta\u00e7\u00e3o do relat\u00f3rio atende determina\u00e7\u00e3o de lei federal. O subsecretario Municipal de Finan\u00e7as e Gest\u00e3o, M\u00e1rio S\u00e9rgio Aguiar Siqueira, participou da audi\u00eancia.<\/p>\n<p>&nbsp;<\/p>\n<p>Apresentado pelo gerente da Ger\u00eancia Administrativa e Financeira (GAF) da Secretaria Municipal de Finan\u00e7as e Gest\u00e3o (SEFIG), Paulo S\u00e9rgio da Silva Narimatsu, o relat\u00f3rio de gest\u00e3o fiscal do 2\u00ba quadrimestre de 2018 mostrou que o Munic\u00edpio cumpriu as exig\u00eancias impostas pela Lei de Responsabilidade Fiscal (LRF).<\/p>\n<p>&nbsp;<\/p>\n<p>O Munic\u00edpio tem prazo legal at\u00e9 15 de outubro para entregar \u00e0 C\u00e2mara Municipal o projeto de Lei Or\u00e7ament\u00e1ria Anual para 2019. Na audi\u00eancia foi apresentada uma previs\u00e3o para o exerc\u00edcio de 2019, porque pode haver altera\u00e7\u00e3o nas metas estimadas.<\/p>\n<p>&nbsp;<\/p>\n<p>O relat\u00f3rio de gest\u00e3o fiscal 2\u00ba quadrimestre de 2018 referente \u00e0 C\u00e2mara Municipal foi apresentado pelo diretor cont\u00e1bil da C\u00e2mara, J\u00falio Bravo. O relat\u00f3rio tamb\u00e9m mostrou que o Legislativo Municipal cumpriu as exig\u00eancias impostas pela Lei de Responsabilidade Fiscal (LRF).<\/p>\n<p>&nbsp;<\/p>\n<p>A audi\u00eancia foi presidida pelo vereador Manoel Rodrigues, vice-presidente da Comiss\u00e3o de Finan\u00e7as e Or\u00e7amento daquela casa de leis.<\/p>\n","protected":false},"excerpt":{"rendered":"<p>A Prefeitura de Corumb\u00e1 apresentou na sexta-feira, 28 de setembro, os relat\u00f3rios de gest\u00e3o fiscal&#8230;<\/p>\n","protected":false},"author":1,"featured_media":23157,"comment_status":"closed","ping_status":"closed","sticky":false,"template":"","format":"standard","meta":{"footnotes":""},"categories":[8,19],"tags":[],"class_list":["post-23156","post","type-post","status-publish","format-standard","has-post-thumbnail","hentry","category-destaque","category-politica"],"_links":{"self":[{"href":"https:\/\/www.corumbaonline.com.br\/news\/wp-json\/wp\/v2\/posts\/23156","targetHints":{"allow":["GET"]}}],"collection":[{"href":"https:\/\/www.corumbaonline.com.br\/news\/wp-json\/wp\/v2\/posts"}],"about":[{"href":"https:\/\/www.corumbaonline.com.br\/news\/wp-json\/wp\/v2\/types\/post"}],"author":[{"embeddable":true,"href":"https:\/\/www.corumbaonline.com.br\/news\/wp-json\/wp\/v2\/users\/1"}],"replies":[{"embeddable":true,"href":"https:\/\/www.corumbaonline.com.br\/news\/wp-json\/wp\/v2\/comments?post=23156"}],"version-history":[{"count":1,"href":"https:\/\/www.corumbaonline.com.br\/news\/wp-json\/wp\/v2\/posts\/23156\/revisions"}],"predecessor-version":[{"id":23158,"href":"https:\/\/www.corumbaonline.com.br\/news\/wp-json\/wp\/v2\/posts\/23156\/revisions\/23158"}],"wp:featuredmedia":[{"embeddable":true,"href":"https:\/\/www.corumbaonline.com.br\/news\/wp-json\/wp\/v2\/media\/23157"}],"wp:attachment":[{"href":"https:\/\/www.corumbaonline.com.br\/news\/wp-json\/wp\/v2\/media?parent=23156"}],"wp:term":[{"taxonomy":"category","embeddable":true,"href":"https:\/\/www.corumbaonline.com.br\/news\/wp-json\/wp\/v2\/categories?post=23156"},{"taxonomy":"post_tag","embeddable":true,"href":"https:\/\/www.corumbaonline.com.br\/news\/wp-json\/wp\/v2\/tags?post=23156"}],"curies":[{"name":"wp","href":"https:\/\/api.w.org\/{rel}","templated":true}]}}