{"id":23162,"date":"2018-10-01T10:38:58","date_gmt":"2018-10-01T14:38:58","guid":{"rendered":"http:\/\/www.corumbaonline.com.br\/news\/?p=23162"},"modified":"2018-10-01T10:44:04","modified_gmt":"2018-10-01T14:44:04","slug":"detran-comeca-a-parcelar-pendencias-de-motoristas-nesta-segunda-feira","status":"publish","type":"post","link":"https:\/\/www.corumbaonline.com.br\/news\/detran-comeca-a-parcelar-pendencias-de-motoristas-nesta-segunda-feira\/","title":{"rendered":"Detran come\u00e7a a parcelar pend\u00eancias de motoristas nesta segunda-feira"},"content":{"rendered":"<p>A partir desta segunda-feira (1\u00ba) o Departamento Estadual de Tr\u00e2nsito de Mato Grosso do Sul (Detran-MS) d\u00e1 in\u00edcio ao servi\u00e7o de parcelamento de d\u00edvidas que vai beneficiar usu\u00e1rios em todo o Estado.<\/p>\n<p>Todas as d\u00edvidas poder\u00e3o ser parceladas em at\u00e9 12 vezes e o usu\u00e1rio poder\u00e1 utilizar at\u00e9 tr\u00eas cart\u00f5es de cr\u00e9dito diferentes, se for necess\u00e1rio, para atingir o limite de cr\u00e9dito de cada cart\u00e3o.<\/p>\n<p>A primeira cabine ser\u00e1 instalada em Campo Grande, na sede do Detran, localizada na MS 080 \u2013 sa\u00edda para Rochedo. Ap\u00f3s 60 dias os servi\u00e7os devem estar disponibilizados no interior do Estado e em outros pontos instalados tamb\u00e9m na Capital.<\/p>\n<p>Atualmente, o p\u00e1tio do Detran possui 10.436 ve\u00edculos apreendidos. Destes, 10.190 possuem algum tipo de pend\u00eancia financeira como multas, licenciamentos e outros. A d\u00edvida referente ao atraso no pagamento de licenciamento lidera o ranking de pend\u00eancias podendo chegar a R$ 67 milh\u00f5es, sendo que o valor total deve ultrapassar os R$ 300 milh\u00f5es.<\/p>\n<p>O servi\u00e7o ir\u00e1 facilitar aos propriet\u00e1rios de ve\u00edculos na quita\u00e7\u00e3o de seus d\u00e9bitos. \u00c9 importante ressaltar que no parcelamento das d\u00edvidas ser\u00e3o cobrados os encargos financeiros do cart\u00e3o, cabendo a cada um analisar sua decis\u00e3o no ato do parcelamento.<\/p>\n<p>Para atender a essa demanda, de acordo o Departamento Nacional de Tr\u00e2nsito (Denatran) em seu artigo 12 da portaria 149 de 2018, o credenciamento \u00e9 exclusividade do Departamento Nacional cabendo aos \u00f3rg\u00e3os e entidades executivas de tr\u00e2nsito firmarem, sem \u00f4nus, parecerias t\u00e9cnico operacionais para viabilizar o pagamento parcelado de d\u00e9bitos relacionados \u00e0 ve\u00edculos.<\/p>\n","protected":false},"excerpt":{"rendered":"<p>A partir desta segunda-feira (1\u00ba) o Departamento Estadual de Tr\u00e2nsito de Mato Grosso do Sul&#8230;<\/p>\n","protected":false},"author":1,"featured_media":0,"comment_status":"closed","ping_status":"closed","sticky":false,"template":"","format":"standard","meta":{"footnotes":""},"categories":[14],"tags":[],"class_list":["post-23162","post","type-post","status-publish","format-standard","hentry","category-geral"],"_links":{"self":[{"href":"https:\/\/www.corumbaonline.com.br\/news\/wp-json\/wp\/v2\/posts\/23162","targetHints":{"allow":["GET"]}}],"collection":[{"href":"https:\/\/www.corumbaonline.com.br\/news\/wp-json\/wp\/v2\/posts"}],"about":[{"href":"https:\/\/www.corumbaonline.com.br\/news\/wp-json\/wp\/v2\/types\/post"}],"author":[{"embeddable":true,"href":"https:\/\/www.corumbaonline.com.br\/news\/wp-json\/wp\/v2\/users\/1"}],"replies":[{"embeddable":true,"href":"https:\/\/www.corumbaonline.com.br\/news\/wp-json\/wp\/v2\/comments?post=23162"}],"version-history":[{"count":1,"href":"https:\/\/www.corumbaonline.com.br\/news\/wp-json\/wp\/v2\/posts\/23162\/revisions"}],"predecessor-version":[{"id":23163,"href":"https:\/\/www.corumbaonline.com.br\/news\/wp-json\/wp\/v2\/posts\/23162\/revisions\/23163"}],"wp:attachment":[{"href":"https:\/\/www.corumbaonline.com.br\/news\/wp-json\/wp\/v2\/media?parent=23162"}],"wp:term":[{"taxonomy":"category","embeddable":true,"href":"https:\/\/www.corumbaonline.com.br\/news\/wp-json\/wp\/v2\/categories?post=23162"},{"taxonomy":"post_tag","embeddable":true,"href":"https:\/\/www.corumbaonline.com.br\/news\/wp-json\/wp\/v2\/tags?post=23162"}],"curies":[{"name":"wp","href":"https:\/\/api.w.org\/{rel}","templated":true}]}}