{"id":23168,"date":"2018-10-01T11:11:49","date_gmt":"2018-10-01T15:11:49","guid":{"rendered":"http:\/\/www.corumbaonline.com.br\/news\/?p=23168"},"modified":"2018-10-01T11:58:39","modified_gmt":"2018-10-01T15:58:39","slug":"na-boca-do-tunel-10","status":"publish","type":"post","link":"https:\/\/www.corumbaonline.com.br\/news\/na-boca-do-tunel-10\/","title":{"rendered":"Na Boca do T\u00fanel"},"content":{"rendered":"<p><strong>GIRO DO BRASILEIR\u00c3O 2018<\/strong><\/p>\n<p>Empate deixa S\u00e3o Paulo em terceiro, p\u00eanalti escandaloso deixa o Internacional como vice-l\u00edder e o Palmeiras tomou as r\u00e9deas na lideran\u00e7a. Agora segura o Felip\u00e3o e Felipe Mello<\/p>\n<p><strong>Botafogo fica duas vezes na frente do placar, mas cede empate ao S\u00e3o Paulo; equipes fizeram uma partida movimentada no Nilton Santos<\/strong><\/p>\n<p>Pela exibi\u00e7\u00e3o no primeiro tempo, o Botafogo merecia a vit\u00f3ria sobre o S\u00e3o Paulo. No entanto, a vertiginosa queda de produ\u00e7\u00e3o nos 45 minutos finais fez do empate de 2 a 2 um justo resultado na tarde deste domingo, Nilton Santos, com a reden\u00e7\u00e3o de Saulo, com duas defesas milagrosas nos acr\u00e9scimos. Com 33 pontos, o Glorioso se mant\u00e9m em 12\u00ba lugar, enquanto o Tricolor paulista cai para o terceiro lugar, com 52.<\/p>\n<p>Embalado pela sequ\u00eancia de duas vit\u00f3rias na competi\u00e7\u00e3o, o Botafogo encarou o S\u00e3o Paulo, um dos concorrentes ao t\u00edtulo, com coragem, de igual para igual. Da cobran\u00e7a de escanteio de Luiz Fernando teve origem o gol de Jean, com apenas quatro minutos de jogo.<\/p>\n<p>&nbsp;<\/p>\n<p><strong>Na estreia de Dorival, Flamengo n\u00e3o sai do zero contra o Bahia na Fonte Nova; Rubro-negro perdeu a oportunidade de dormir na lideran\u00e7a<\/strong><\/p>\n<p>Dorival J\u00fanior ter\u00e1 trabalho para tirar o &#8216;ran\u00e7o&#8217; da apatia que tanto incomoda o torcedor do Flamengo. O empate de 0 a 0 com o Bahia, na Arena Fonte Nova, n\u00e3o foi um bom neg\u00f3cio, que deixa o G-4. Com 49 pontos, o Rubro-Negro caiu para o quinto lugar. Na sexta, a equipe, pressionada, enfrenta o Corinthians, em S\u00e3o Paulo.<\/p>\n<p>Com a entrada de Vitinho e Lincoln no lugar de Diego, machucado, e Henrique Dourado, suspenso, Dorival apostou na juventude e velocidade da dupla em busca da vit\u00f3ria em Salvador. N\u00e3o foi suficiente. Sem agilidade na transi\u00e7\u00e3o e capricho no passe, o Flamengo minou \u00e0 pr\u00f3pria constru\u00e7\u00e3o de jogadas.<\/p>\n<p>&nbsp;<\/p>\n<p><strong>Inter pede profissionaliza\u00e7\u00e3o da arbitragem e lembra outros erros<\/strong><\/p>\n<p>O Internacional foi beneficiado pela arbitragem neste domingo (30). Bateu o Vit\u00f3ria de virada por 2 a 1 gra\u00e7as a um p\u00eanalti irregular no fim do jogo. E depois da partida, o vice de futebol Roberto Melo e o t\u00e9cnico Odair Hellmann l lembraram falhas e falaram sobre profissionaliza\u00e7\u00e3o e o uso do \u00e1rbitro de v\u00eddeo.<\/p>\n<p>No lance, Camilo cobrou uma falta lateral para \u00e1rea. A bola bateu no bra\u00e7o de um jogadores do Vit\u00f3ria que estava na barreira. Ele estava fora da \u00e1rea, mas o \u00e1rbitro assinalou p\u00eanalti. Na cobran\u00e7a, D&#8217;Alessandro fez 2 a 1<\/p>\n<p><strong>\u00a0<\/strong><\/p>\n<p><strong>Aguirre tira peso de cl\u00e1ssico com Palmeiras: &#8220;todos os jogos s\u00e3o decis\u00f5es&#8221;<\/strong><\/p>\n<p>Mais uma decis\u00e3o. \u00c9 assim que Diego Aguirre, t\u00e9cnico do S\u00e3o Paulo, encara o cl\u00e1ssico do pr\u00f3ximo s\u00e1bado contra o Palmeiras, no Morumbi.<\/p>\n<p>O time alviverde venceu o Cruzeiro e assumiu a ponta do Campeonato Brasileiro, com 53 pontos, contra 52 da equipe tricolor, que empatou por 2 a 2 com o Botafogo.<\/p>\n<p>O t\u00e9cnico concluiu a entrevista prevendo que a briga pelo t\u00edtulo ficar\u00e1 aberta at\u00e9 o final do Brasileiro. Neste momento, a diferen\u00e7a entre o l\u00edder Palmeiras e o quinto colocado Flamengo \u00e9 de quatro pontos.<\/p>\n<p>&#8220;Acho que vai ser at\u00e9 a \u00faltima rodada. Estamos com muitos times fortes brigando e sinto que n\u00e3o vai ter diferen\u00e7a de muitos pontos&#8221;.<\/p>\n<p>&nbsp;<\/p>\n<p><strong>Aconteceu em Corumb\u00e1 e a coluna Na Boca do T\u00fanel registrou sobre uma fracassada gest\u00e3o que esta sendo investigada pelo Minist\u00e9rio P\u00fablico, mas at\u00e9 a presente data, parece que o processo emperrou<\/strong><\/p>\n<p>&nbsp;<\/p>\n<p><strong>\u00a0O gestor de esportes e seu balaio de gatos&#8230;<\/strong><\/p>\n<p>Primeiro vamos \u00e0 linha de racioc\u00ednio o que significa &#8220;Balaio de Gatos&#8221; para entender o que acontece na pasta administrada pelo arrogante e centralizador Gestor de Esportes:<\/p>\n<p>1 &#8211; &#8220;Balaio de Gatos&#8221; \u00e9 uma express\u00e3o popular que significa confus\u00e3o, encrenca, situa\u00e7\u00e3o dif\u00edcil, embara\u00e7o ou desordem.<\/p>\n<p>2 &#8211; &#8220;Balaio de Gatos&#8221; \u00e9 uma express\u00e3o usada para definir um local bagun\u00e7ado, onde predomina uma verdadeira desordem. Na frase, &#8220;O local \u00e9 um balaio de gato&#8221;, significa que o local \u00e9 repleto de bagun\u00e7a e de desordem.<\/p>\n<p>3 &#8211; &#8220;Balaio de Gatos&#8221; \u00e9 tamb\u00e9m um local onde existem encrencas e confus\u00f5es. \u00c9 um local onde ningu\u00e9m se entende, onde as encrencas s\u00e3o constantes.<\/p>\n<p>&nbsp;<\/p>\n<p><strong>Fa\u00e7amos a disserta\u00e7\u00e3o da Pasta do Gestor de Esportes, de acordo com a numera\u00e7\u00e3o acima:<\/strong><\/p>\n<p>1 &#8211; Quando h\u00e1 em um setor da administra\u00e7\u00e3o p\u00fablica que centraliza tudo, propicia que ocorra atitudes t\u00eanues, assim vem agindo o titular da pasta, que, creio que nem ele acredita em reverter o atual quadro, pois quem de fato manda? O Gestor de Esportes n\u00e3o consegue estabelecer um organograma de trabalho em que &#8220;alguns gerentes&#8221; sejam mais eficientes, muito pelo contr\u00e1rio, tem gerente que nada faz, senta em uma sala confort\u00e1vel, com ar e computador e vira gerente da NASA, pois s\u00f3 vive navegando na Internet, tem gerente que n\u00e3o sabe o que quer, n\u00e3o desenvolve a sua fun\u00e7\u00e3o na pasta, ingressa em Conselho e ainda vai ser candidato, existem funcion\u00e1rios competentes, a qual respeito, mas existe tamb\u00e9m &#8220;funcion\u00e1rio&#8221; que manda mais que o Gestor de Esportes, n\u00e3o sei por que, mas o Floquinho \u00e9 o protegido dele, n\u00e3o sei porqu\u00ea.<\/p>\n<p>&nbsp;<\/p>\n<p>2 &#8211; A Pasta esta t\u00e3o bagun\u00e7ada, que predomina a bagun\u00e7a institucionalizada, nada chega a ser inovador como foi propalado, muito pelo contr\u00e1rio, assumiu com as premissas de revolucionar o desporto da cidade, mas esta tendo um rev\u00e9s, em todos os seguimentos as reclama\u00e7\u00f5es s\u00e3o constantes, desde coordenadores de competi\u00e7\u00f5es at\u00e9 Pais, pois a irresponsabilidade \u00e9 tanta que o Gestor de Esportes meteu uma delega\u00e7\u00e3o em uma Van com os Pneus &#8220;carecas&#8221;, o pior! A delega\u00e7\u00e3o era de uma modalidade em que os atletas s\u00e3o de base, n\u00e3o tinha nenhum Gerente nessa \u00e1rea para verificar esse absurdo? N\u00e3o sei de que era o Veiculo, mas o erro foi exclusivamente do Gestor de Esportes ou do Floquinho, o Protegido que &#8220;esqueceu&#8221; de contratar com anteced\u00eancia o veiculo para o transporte da delega\u00e7\u00e3o, moral da hist\u00f3ria, Pais revoltados que at\u00e9 conseguiram algumas fotos do estado deplor\u00e1vel da Van.<\/p>\n<p>&nbsp;<\/p>\n<p>3 &#8211; Por fim, &#8220;Balaio de Gatos&#8221; \u00e9 tamb\u00e9m um local onde existe encrencas e confus\u00f5es. \u00c9 um local onde ningu\u00e9m se entende, onde as encrencas s\u00e3o constantes. Isso esta bem patente, acionei o &#8220;GPS&#8221; e tive essa informa\u00e7\u00e3o, o que o Gestor de Esportes esta preocupado \u00e9 colocar &#8220;c\u00e2meras&#8221; em todo lugar, quem entra, quem sai, para depois ir perguntar o que queria, o que conversou, coisa chata para os funcion\u00e1rios, pois s\u00e3o constantemente vigiados, enquanto isso as t\u00eanues atitudes dele ningu\u00e9m sabe. Bom pelo menos esta prestando um servi\u00e7o para os moradores da quadra aonde esta sediada a Pasta, as &#8220;potentes&#8221; c\u00e2meras ficam ligadas direto, fa\u00e7o crer que somente o Floquinho tenha acesso \u00e0 central. E esse fato d\u00e1 at\u00e9 um samba de enredo: De Piscineiro \u00e0 Floquinho, voa alto o menino de ouro do Gestor Mesquinho.<\/p>\n<p>&nbsp;<\/p>\n<p><strong>Al\u00e9m do horizonte&#8230; <\/strong><\/p>\n<p>Seria uma musica do Roberto Carlos, mas neste caso, al\u00e9m do telhado pintado, que esqueceram de dar uma enganada no remendo n\u00e3o pintado, observei umas fotos tirada pelo &#8220;GPS&#8221;, a quadra esta com a pintura comprometida, isso significa que a &#8220;tinta&#8221; utilizada \u00e9 de p\u00e9ssima qualidade, isso \u00e9 para ficar quieto? \u00e9 um absurdo, talvez por isso \u00e9 que n\u00e3o \u00e9 muito utilizado, ficou ali para ser modelo de gasto do dinheiro p\u00fablico, sem fins espec\u00edficos. Tem uns tr\u00eas Aspones agregados para cuidar, mas na verdade, est\u00e3o para &#8220;fofocar&#8221; para o Gestor de Esportes o que falaram dele, ora,ora,ora&#8230; Se assumiu o cargo para dar visibilidade em angariar recursos, isso eu n\u00e3o vi acontecer at\u00e9 agora, tanto que onerou tanto a reforma do complexo esportivo que na pista de atletismo tem dois postes que se riscar as raias, quem correr na \u00faltima raia de dentro para fora, vai bater com a cara no poste, ser\u00e1 que n\u00e3o tem ningu\u00e9m para orientar e evitar a coloca\u00e7\u00e3o desses dois postes na pista de atletismo? Agora, o Gestor de Esportes deve colocar mais um convenio nas costas da Liga de Esportes para corrigir o erro.<\/p>\n<p>&nbsp;<\/p>\n<p><strong>Quero entender&#8230;<\/strong><\/p>\n<p>Mas n\u00e3o consigo uma explica\u00e7\u00e3o plaus\u00edvel o porqu\u00ea a pasta do Gestor de Esportes efetuou dois dep\u00f3sitos para a FFMS inerente ao futebol profissional, j\u00e1 busquei explica\u00e7\u00e3o, mas, sinceramente n\u00e3o encontrei algo justific\u00e1vel, assim como quem bancou o futebol profissional? De onde saiu o dinheiro para tr\u00eas atletas ostentar notas de cem reais? Coisas estranhas ao meu ver, mas tem tudo haver com o Gestor de Esportes.<\/p>\n<p>&nbsp;<\/p>\n<p><strong>A solu\u00e7\u00e3o&#8230;<\/strong><\/p>\n<p>Seria a efetiva\u00e7\u00e3o do Sandro no comando da pasta, tem uma experi\u00eancia administrativa mas objetiva, pois tem uma larga experi\u00eancia em projetos eficazes, humildade para aconselhar-se com pessoas mais experientes para dirimir as duvidas existentes na pasta, que coloquem o Gestor de Esportes na qualidade de &#8220;aqui jaz um Ex-Gestor de Esportes&#8221; em um cabide longe da Pasta, pois caso contr\u00e1rio continuaria sendo um estorvo para o Desporto de Corumb\u00e1, capricho em manter o Gestor de Esportes no cargo, vai fazer vazar \u00e1gua no batel\u00e3o. Portanto, a solu\u00e7\u00e3o mais vi\u00e1vel e \u00e9 bom que fique claro para os fofoqueiros de plant\u00e3o, que o Sandro n\u00e3o pediu e nem conversou comigo a respeito do assunto, apenas \u00e9 a minha observa\u00e7\u00e3o, pelo que o GPS me passa.<\/p>\n<p>&nbsp;<\/p>\n<p><strong>A verdade quando dita&#8230;<\/strong><\/p>\n<p>Com propriedade, incomoda muito, sei que existe pessoas incomodadas com as minhas postagens no face, por\u00e9m estou pautado de documentos, justificando o porque estou escrevendo, nada contra pessoas, mas contra o sistema, tanto que o que mandaram de solicita\u00e7\u00f5es de amizade no meu face, parece coisa de Papai Noel, mas esse cara quer ser meu amigo no face? Assim como os com nomes e fotos falsas, tudo por acharem que s\u00e3o espertos e querer descobrir quem passa as informa\u00e7\u00f5es para mim, sei que tem uma verdadeira opera\u00e7\u00e3o que nomino &#8220;gaiolas da loucas&#8221; para descobrir alguma coisa, n\u00e3o v\u00e3o descobrir, disso tem certeza absoluta, ao contrario, esta chegando mais informa\u00e7\u00f5es, as quais ser\u00e3o publicadas no meu blog que vai entrar no dentre breve com uma mat\u00e9ria bomb\u00e1stica, para variar, escrevo e repito, n\u00e3o saio da minha casa para ir em busca de informa\u00e7\u00f5es, elas caem no meu colo, por\u00e9m filtro para poder fazer a disserta\u00e7\u00e3o da mat\u00e9ria, essas bombas do Gestor de Esportes chegou para mim via sedex, o emissor queria ter certeza que chegaria no endere\u00e7o de forma r\u00e1pida e assim foi, daqui a pouco vem mais e mais, pois muitas pessoas est\u00e3o lendo as minhas postagens, algumas curtem, outras para n\u00e3o ter problemas com a degola, s\u00f3 l\u00ea e comentam pela cidade, isso \u00e9 muito bom, n\u00e3o perdi o foco e nem a minha linha de escrever, tenho atitude e levo a s\u00e9rio quando sou provocado, e reza a lenda, quem mexe em vespeiro&#8230;<\/p>\n<p>Reginaldo Coutinho \u2013 Delegado sindical dos radialistas de Corumb\u00e1, cronista esportivo, locutor apresentador do programa Transnot\u00edcias na r\u00e1dio Transam\u00e9rica<\/p>\n","protected":false},"excerpt":{"rendered":"<p>GIRO DO BRASILEIR\u00c3O 2018 Empate deixa S\u00e3o Paulo em terceiro, p\u00eanalti escandaloso deixa o Internacional&#8230;<\/p>\n","protected":false},"author":1,"featured_media":20002,"comment_status":"closed","ping_status":"closed","sticky":false,"template":"","format":"standard","meta":{"footnotes":""},"categories":[3],"tags":[],"class_list":["post-23168","post","type-post","status-publish","format-standard","has-post-thumbnail","hentry","category-artigo"],"_links":{"self":[{"href":"https:\/\/www.corumbaonline.com.br\/news\/wp-json\/wp\/v2\/posts\/23168","targetHints":{"allow":["GET"]}}],"collection":[{"href":"https:\/\/www.corumbaonline.com.br\/news\/wp-json\/wp\/v2\/posts"}],"about":[{"href":"https:\/\/www.corumbaonline.com.br\/news\/wp-json\/wp\/v2\/types\/post"}],"author":[{"embeddable":true,"href":"https:\/\/www.corumbaonline.com.br\/news\/wp-json\/wp\/v2\/users\/1"}],"replies":[{"embeddable":true,"href":"https:\/\/www.corumbaonline.com.br\/news\/wp-json\/wp\/v2\/comments?post=23168"}],"version-history":[{"count":1,"href":"https:\/\/www.corumbaonline.com.br\/news\/wp-json\/wp\/v2\/posts\/23168\/revisions"}],"predecessor-version":[{"id":23169,"href":"https:\/\/www.corumbaonline.com.br\/news\/wp-json\/wp\/v2\/posts\/23168\/revisions\/23169"}],"wp:featuredmedia":[{"embeddable":true,"href":"https:\/\/www.corumbaonline.com.br\/news\/wp-json\/wp\/v2\/media\/20002"}],"wp:attachment":[{"href":"https:\/\/www.corumbaonline.com.br\/news\/wp-json\/wp\/v2\/media?parent=23168"}],"wp:term":[{"taxonomy":"category","embeddable":true,"href":"https:\/\/www.corumbaonline.com.br\/news\/wp-json\/wp\/v2\/categories?post=23168"},{"taxonomy":"post_tag","embeddable":true,"href":"https:\/\/www.corumbaonline.com.br\/news\/wp-json\/wp\/v2\/tags?post=23168"}],"curies":[{"name":"wp","href":"https:\/\/api.w.org\/{rel}","templated":true}]}}