{"id":23170,"date":"2018-10-01T11:25:09","date_gmt":"2018-10-01T15:25:09","guid":{"rendered":"http:\/\/www.corumbaonline.com.br\/news\/?p=23170"},"modified":"2018-10-01T12:20:27","modified_gmt":"2018-10-01T16:20:27","slug":"sesc-corumba-destaca-a-questao-racial-com-a-poesia-e-performance-de-ricardo-aleixo","status":"publish","type":"post","link":"https:\/\/www.corumbaonline.com.br\/news\/sesc-corumba-destaca-a-questao-racial-com-a-poesia-e-performance-de-ricardo-aleixo\/","title":{"rendered":"Sesc Corumb\u00e1 destaca a quest\u00e3o racial com a poesia e performance de Ricardo Aleixo"},"content":{"rendered":"<p>O Sesc Corumb\u00e1 encerra o Circuito de Oralidades 2018 do Arte da Palavra com a performance po\u00e9tica &#8220;Pesado demais para a ventania&#8221; de Ricardo Aleixo (MG), que acontece no dia 04 de outubro, \u00e0s 19h30. A classifica\u00e7\u00e3o et\u00e1ria \u00e9 10 anos e a participa\u00e7\u00e3o do p\u00fablica \u00e9 limitada a lota\u00e7\u00e3o m\u00e1xima de 120 pessoas. Os interessados em conhecer a obra que deu origem \u00e0 performance podem fazer a consulta na biblioteca da unidade.<\/p>\n<p>Poeta, performer e artista pl\u00e1stico, Aleixo trabalha com a quest\u00e3o racial e cr\u00edtica social, organizada em torno da antologia de sua obra, na qual re\u00fane poemas extra\u00eddos de todos os seus livros publicados ao longo dos \u00faltimos 25 anos. A palestra-performance do poeta mineiro Ricardo Aleixo p\u00f5e em destaque um processo criativo que funde densidade l\u00edrica e di\u00e1logo com a tradi\u00e7\u00e3o, experimenta\u00e7\u00e3o t\u00e9cnico-formal e cr\u00edtica social e pol\u00edtica.<\/p>\n<p>Aleixo publicou livros como &#8220;Imposs\u00edvel como nunca ter tido um rosto&#8221;, &#8220;Modelos vivos&#8221;, &#8220;Antiboi&#8221; e &#8220;Pesado demais para ventania&#8221;. Como performer, j\u00e1 se apresentou na Europa e, mais recentemente, na Flip de 2017.<\/p>\n","protected":false},"excerpt":{"rendered":"<p>O Sesc Corumb\u00e1 encerra o Circuito de Oralidades 2018 do Arte da Palavra com a&#8230;<\/p>\n","protected":false},"author":1,"featured_media":0,"comment_status":"closed","ping_status":"closed","sticky":false,"template":"","format":"standard","meta":{"footnotes":""},"categories":[7],"tags":[],"class_list":["post-23170","post","type-post","status-publish","format-standard","hentry","category-cultura"],"_links":{"self":[{"href":"https:\/\/www.corumbaonline.com.br\/news\/wp-json\/wp\/v2\/posts\/23170","targetHints":{"allow":["GET"]}}],"collection":[{"href":"https:\/\/www.corumbaonline.com.br\/news\/wp-json\/wp\/v2\/posts"}],"about":[{"href":"https:\/\/www.corumbaonline.com.br\/news\/wp-json\/wp\/v2\/types\/post"}],"author":[{"embeddable":true,"href":"https:\/\/www.corumbaonline.com.br\/news\/wp-json\/wp\/v2\/users\/1"}],"replies":[{"embeddable":true,"href":"https:\/\/www.corumbaonline.com.br\/news\/wp-json\/wp\/v2\/comments?post=23170"}],"version-history":[{"count":1,"href":"https:\/\/www.corumbaonline.com.br\/news\/wp-json\/wp\/v2\/posts\/23170\/revisions"}],"predecessor-version":[{"id":23171,"href":"https:\/\/www.corumbaonline.com.br\/news\/wp-json\/wp\/v2\/posts\/23170\/revisions\/23171"}],"wp:attachment":[{"href":"https:\/\/www.corumbaonline.com.br\/news\/wp-json\/wp\/v2\/media?parent=23170"}],"wp:term":[{"taxonomy":"category","embeddable":true,"href":"https:\/\/www.corumbaonline.com.br\/news\/wp-json\/wp\/v2\/categories?post=23170"},{"taxonomy":"post_tag","embeddable":true,"href":"https:\/\/www.corumbaonline.com.br\/news\/wp-json\/wp\/v2\/tags?post=23170"}],"curies":[{"name":"wp","href":"https:\/\/api.w.org\/{rel}","templated":true}]}}