{"id":23175,"date":"2018-10-01T11:47:27","date_gmt":"2018-10-01T15:47:27","guid":{"rendered":"http:\/\/www.corumbaonline.com.br\/news\/?p=23175"},"modified":"2018-10-01T12:27:33","modified_gmt":"2018-10-01T16:27:33","slug":"cine-sesc-tera-selecao-de-longas-biograficos-em-corumba","status":"publish","type":"post","link":"https:\/\/www.corumbaonline.com.br\/news\/cine-sesc-tera-selecao-de-longas-biograficos-em-corumba\/","title":{"rendered":"Cine Sesc ter\u00e1 sele\u00e7\u00e3o de longas biogr\u00e1ficos em Corumb\u00e1"},"content":{"rendered":"<p>As pessoas s\u00e3o o tema que alinha a sele\u00e7\u00e3o feita pelo Sesc Corumb\u00e1 para o Cine Sesc de outubro. As sess\u00f5es s\u00e3o gratuitas e ocorrem sempre \u00e0s quartas-feiras \u00e0s 19h30 e aos s\u00e1bados \u00e0s 15 horas.<\/p>\n<p>Nos dias 03 e 06 ser\u00e1 exibido o longa \u201cJoaquim\u201d, dirigido por Marcelo Gomes. A hist\u00f3ria dos acontecimentos e fatos que levaram Joaquim Jos\u00e9 da Silva Xavier, um dentista comum de Minas Gerais, a se tornar mais conhecido pela alcunha de Tiradentes, transformando-se em um importante her\u00f3i nacional e m\u00e1rtir que veio a liderar o levante popular conhecido como \u201cInconfid\u00eancia Mineira\u201d.<\/p>\n<p>No dia 10, ser\u00e1 a vez de Eu Sou Ingrid Bergman, por Stig Bj\u00f6rkman. Usando os di\u00e1rios \u00edntimos de Ingrid Bergman, al\u00e9m das cartaz enviadas \u00e0s suas amigas, o document\u00e1rio tra\u00e7a todo o percurso pessoal e profissional da atriz, incluindo seus diversos casamentos, a rela\u00e7\u00e3o controversa com os filhos, o esc\u00e2ndalo de adult\u00e9rio, as mudan\u00e7as para os Estados Unidos, Fran\u00e7a e Inglaterra os principais filmes e pr\u00eamios recebidos na carreira.<\/p>\n<p>Tem Tropic\u00e1lia, de Marcelo Machado nas sess\u00f5es de 17 e 20 de outubro. Uma an\u00e1lise sobre o importante movimento musical hom\u00f4nimo, liderado por Caetano Veloso e Gilberto Gil no final dos anos 1960. O document\u00e1rio resgata uma fase na hist\u00f3ria do Brasil em que cena musical fervilhava e os festivais revelavam v\u00e1rios novos talentos. Ao mesmo tempo, o Brasil sofria com a ditadura dos generais no poder, o que fez com que Caetano e Gil fossem exilados do pa\u00eds.<\/p>\n<p>Encerrando a programa\u00e7\u00e3o do m\u00eas, dias 24 e 27 ser\u00e1 exibido o longa \u201cDavid Lynch, a vida de um artista\u201d, por Jon Ngyen. Em uma \u00edntima jornada, o document\u00e1rio narra sobre os anos que formaram a vida do cineasta David Lynch. Desde sua cria\u00e7\u00e3o id\u00edlica em uma pequena cidade at\u00e9 as ruas escuras de Filad\u00e9lfia, acompanhamos Lynch \u00e0 medida que ele tra\u00e7a os eventos principais para a sua forma\u00e7\u00e3o, assim como para o seu estilo cinematogr\u00e1fico enigm\u00e1tico.<\/p>\n","protected":false},"excerpt":{"rendered":"<p>As pessoas s\u00e3o o tema que alinha a sele\u00e7\u00e3o feita pelo Sesc Corumb\u00e1 para o&#8230;<\/p>\n","protected":false},"author":1,"featured_media":23176,"comment_status":"closed","ping_status":"closed","sticky":false,"template":"","format":"standard","meta":{"footnotes":""},"categories":[7],"tags":[],"class_list":["post-23175","post","type-post","status-publish","format-standard","has-post-thumbnail","hentry","category-cultura"],"_links":{"self":[{"href":"https:\/\/www.corumbaonline.com.br\/news\/wp-json\/wp\/v2\/posts\/23175","targetHints":{"allow":["GET"]}}],"collection":[{"href":"https:\/\/www.corumbaonline.com.br\/news\/wp-json\/wp\/v2\/posts"}],"about":[{"href":"https:\/\/www.corumbaonline.com.br\/news\/wp-json\/wp\/v2\/types\/post"}],"author":[{"embeddable":true,"href":"https:\/\/www.corumbaonline.com.br\/news\/wp-json\/wp\/v2\/users\/1"}],"replies":[{"embeddable":true,"href":"https:\/\/www.corumbaonline.com.br\/news\/wp-json\/wp\/v2\/comments?post=23175"}],"version-history":[{"count":1,"href":"https:\/\/www.corumbaonline.com.br\/news\/wp-json\/wp\/v2\/posts\/23175\/revisions"}],"predecessor-version":[{"id":23177,"href":"https:\/\/www.corumbaonline.com.br\/news\/wp-json\/wp\/v2\/posts\/23175\/revisions\/23177"}],"wp:featuredmedia":[{"embeddable":true,"href":"https:\/\/www.corumbaonline.com.br\/news\/wp-json\/wp\/v2\/media\/23176"}],"wp:attachment":[{"href":"https:\/\/www.corumbaonline.com.br\/news\/wp-json\/wp\/v2\/media?parent=23175"}],"wp:term":[{"taxonomy":"category","embeddable":true,"href":"https:\/\/www.corumbaonline.com.br\/news\/wp-json\/wp\/v2\/categories?post=23175"},{"taxonomy":"post_tag","embeddable":true,"href":"https:\/\/www.corumbaonline.com.br\/news\/wp-json\/wp\/v2\/tags?post=23175"}],"curies":[{"name":"wp","href":"https:\/\/api.w.org\/{rel}","templated":true}]}}