{"id":23178,"date":"2018-10-01T12:00:01","date_gmt":"2018-10-01T16:00:01","guid":{"rendered":"http:\/\/www.corumbaonline.com.br\/news\/?p=23178"},"modified":"2018-10-01T12:29:36","modified_gmt":"2018-10-01T16:29:36","slug":"intencao-de-consumo-das-familias-tem-alta-em-setembro","status":"publish","type":"post","link":"https:\/\/www.corumbaonline.com.br\/news\/intencao-de-consumo-das-familias-tem-alta-em-setembro\/","title":{"rendered":"Inten\u00e7\u00e3o de consumo das fam\u00edlias tem alta em setembro"},"content":{"rendered":"<p>A inten\u00e7\u00e3o de consumo das fam\u00edlias cresceu em setembro, segundo indicador da Federa\u00e7\u00e3o do Com\u00e9rcio de S\u00e3o Paulo (Fecomercio-SP) divulgado hoje (1\u00ba). O \u00edndice mensal subiu 1,1% em rela\u00e7\u00e3o a agosto, passando de 86,5 pontos para 87,5 pontos. Em compara\u00e7\u00e3o com setembro de 2017, quanto o indicador marcava 79 pontos, a alta ficou em 10,8%.<\/p>\n<p>O \u00edndice da inten\u00e7\u00e3o de consumo \u00e9 medido mensalmente, desde 2010, em uma escala de zero a 200 pontos, a partir de uma base de 2,2 mil consumidores do munic\u00edpio de S\u00e3o Paulo. Resultados abaixo de 100 pontos indicam uma insatisfa\u00e7\u00e3o dos consumidores com o cen\u00e1rio.<\/p>\n<div class=\"dnd-widget-wrapper context-cheio_8colunas type-image\">\n<div class=\"dnd-atom-rendered\">\n<figure class=\"mejs-fotoh-wrapper\">\n<p><figure style=\"width: 754px\" class=\"wp-caption alignnone\"><img loading=\"lazy\" decoding=\"async\" class=\"img-responsive full full\" title=\"Valter Campanato\/Ag\u00eancia Brasil\/Ag\u00eancia Brasil\" src=\"http:\/\/imagens.ebc.com.br\/4mn-9SPAkJl4ggXIleorVQIidzs=\/754x0\/smart\/http:\/\/agenciabrasil.ebc.com.br\/sites\/default\/files\/atoms\/image\/compras_natal_dsc_0295.jpg?itok=YmAvuXFA\" alt=\"\" width=\"754\" height=\"513\" \/><figcaption class=\"wp-caption-text\">Shopping no centro de Bras\u00edlia (Valter Campanato\/Arquivo Ag\u00eancia Brasil)<\/figcaption><\/figure><\/figure>\n<\/div>\n<\/div>\n<p>Os consumidores demonstraram satisfa\u00e7\u00e3o nos itens relacionados ao trabalho. O \u00edndice relativo ao emprego atual marcou 110,2 pontos e as perspectivas profissionais ficaram em 11,8 pontos. Em rela\u00e7\u00e3o a setembro do ano passado, ambos registraram alta de 8%.<\/p>\n<p>As fam\u00edlias ainda est\u00e3o, segundo o estudo, indispostas para gastar no momento atual. Mais da metade (55%) dizem que est\u00e3o comprando menos do que h\u00e1 um ano. O item relativo a consumo atual est\u00e1 em 60,3 pontos, enquanto o que mede a disposi\u00e7\u00e3o para adquirir bens dur\u00e1veis (geladeira, TV, fog\u00e3o) est\u00e1 em 60,7 pontos. \u00c9 maior ainda o percentual (66,5%) que avalia que \u00e9 um mau momento para comprar esse tipo de produto.<\/p>\n<p><strong>Cr\u00e9dito dif\u00edcil<\/strong><\/p>\n<p>O acesso ao cr\u00e9dito registrou queda na percep\u00e7\u00e3o, passando de 87,7 pontos em agosto, para 85,6 pontos. Mesmo assim, o patamar \u00e9 11% melhor do que os 77,1 pontos registrados em setembro de 2017. O estudo mostrou que 43% das fam\u00edlias paulistanas encontram dificuldades para financiamento de compras. Para a Fecomercio, isso \u00e9 um reflexo do aumento do endividamento e da inadimpl\u00eancia, que fez com que os bancos restringissem o acesso ao cr\u00e9dito.<\/p>\n<p>De modo geral, a Fecomercio avalia que a satisfa\u00e7\u00e3o dos consumidores ainda est\u00e1 em processo de recupera\u00e7\u00e3o depois da greve dos caminhoneiros, em maio.<\/p>\n<p><strong>Metodologia<\/strong><\/p>\n<p>O \u00edndice \u00e9 apurado mensalmente com dados de 2,2 mil consumidores no munic\u00edpio de S\u00e3o Paul. Ele \u00e9 composto por sete itens: emprego atual; perspectiva profissional; renda atual; acesso ao cr\u00e9dito; n\u00edvel de consumo atual; perspectiva de consumo; e momento para dur\u00e1veis.<\/p>\n","protected":false},"excerpt":{"rendered":"<p>A inten\u00e7\u00e3o de consumo das fam\u00edlias cresceu em setembro, segundo indicador da Federa\u00e7\u00e3o do Com\u00e9rcio&#8230;<\/p>\n","protected":false},"author":1,"featured_media":0,"comment_status":"closed","ping_status":"closed","sticky":false,"template":"","format":"standard","meta":{"footnotes":""},"categories":[9],"tags":[],"class_list":["post-23178","post","type-post","status-publish","format-standard","hentry","category-economia"],"_links":{"self":[{"href":"https:\/\/www.corumbaonline.com.br\/news\/wp-json\/wp\/v2\/posts\/23178","targetHints":{"allow":["GET"]}}],"collection":[{"href":"https:\/\/www.corumbaonline.com.br\/news\/wp-json\/wp\/v2\/posts"}],"about":[{"href":"https:\/\/www.corumbaonline.com.br\/news\/wp-json\/wp\/v2\/types\/post"}],"author":[{"embeddable":true,"href":"https:\/\/www.corumbaonline.com.br\/news\/wp-json\/wp\/v2\/users\/1"}],"replies":[{"embeddable":true,"href":"https:\/\/www.corumbaonline.com.br\/news\/wp-json\/wp\/v2\/comments?post=23178"}],"version-history":[{"count":1,"href":"https:\/\/www.corumbaonline.com.br\/news\/wp-json\/wp\/v2\/posts\/23178\/revisions"}],"predecessor-version":[{"id":23179,"href":"https:\/\/www.corumbaonline.com.br\/news\/wp-json\/wp\/v2\/posts\/23178\/revisions\/23179"}],"wp:attachment":[{"href":"https:\/\/www.corumbaonline.com.br\/news\/wp-json\/wp\/v2\/media?parent=23178"}],"wp:term":[{"taxonomy":"category","embeddable":true,"href":"https:\/\/www.corumbaonline.com.br\/news\/wp-json\/wp\/v2\/categories?post=23178"},{"taxonomy":"post_tag","embeddable":true,"href":"https:\/\/www.corumbaonline.com.br\/news\/wp-json\/wp\/v2\/tags?post=23178"}],"curies":[{"name":"wp","href":"https:\/\/api.w.org\/{rel}","templated":true}]}}