{"id":23186,"date":"2018-10-02T08:29:17","date_gmt":"2018-10-02T12:29:17","guid":{"rendered":"http:\/\/www.corumbaonline.com.br\/news\/?p=23186"},"modified":"2018-10-02T08:49:49","modified_gmt":"2018-10-02T12:49:49","slug":"seminario-de-saude-mental-no-trabalho-acontece-dias-04-e-05-em-corumba","status":"publish","type":"post","link":"https:\/\/www.corumbaonline.com.br\/news\/seminario-de-saude-mental-no-trabalho-acontece-dias-04-e-05-em-corumba\/","title":{"rendered":"Semin\u00e1rio de Sa\u00fade Mental no Trabalho acontece dias 04 e 05 em Corumb\u00e1"},"content":{"rendered":"<p>Semin\u00e1rio de Sa\u00fade Mental no Trabalho ser\u00e1 realizado nos dias 04 e 05 de outubro em Corumb\u00e1. Realizado no Centro de Conven\u00e7\u00f5es Miguel Gomez, o evento vai abordar reflex\u00f5es sobre transtornos mentais relacionados ao trabalho e sa\u00fade mental dos servidores da Sa\u00fade, Educa\u00e7\u00e3o e da Justi\u00e7a e Seguran\u00e7a P\u00fablica de Mato Grosso do Sul.<\/p>\n<p>&nbsp;<\/p>\n<p>A abertura do semin\u00e1rio est\u00e1 programada para as 19 horas da quinta-feira, dia 04. Inscri\u00e7\u00e3o e credenciamento poder\u00e3o ser feitas a partir das 18h no local do evento. Para as 19h30 est\u00e1 marcada a palestra de abertura que ter\u00e1 o tema \u201cTrabalho decente e escravo\u201d, ministrada pela procuradora do Trabalho em Tr\u00eas Lagoas, Cl\u00e1udia Noriler.<\/p>\n<p>&nbsp;<\/p>\n<p>Na sexta-feira, dia 06, a programa\u00e7\u00e3o acontece ao longo dos per\u00edodos matutino e vespertino. Pela manh\u00e3, a partir das 08 horas, est\u00e3o previstas palestra com o m\u00e9dico Max Dias Corr\u00eaa, especialista em traumato-ortopedia, m\u00e9dico do trabalho e perito previdenci\u00e1rio. Na sequ\u00eancia ser\u00e1 realizada uma mesa redonda para apresenta\u00e7\u00e3o de pesquisas da Universidade Federal de Mato Grosso do Sul (UFMS).<\/p>\n<p>&nbsp;<\/p>\n<p>A partir das 14 horas ser\u00e1 apresentada a palestra \u201cSofrimento ps\u00edquico e adoecimento no trabalho\u201d. Logo depois acontece uma mesa redonda que vai discutir trabalho infantil e consequ\u00eancias psicol\u00f3gicas; depress\u00e3o; ass\u00e9dio moral e sexual e suic\u00eddio. Participar\u00e3o das discuss\u00f5es a doutora em Educa\u00e7\u00e3o, Beatriz Xavier Flandoli e a psic\u00f3loga Izildinha Netto Bueno Barbosa.<\/p>\n","protected":false},"excerpt":{"rendered":"<p>Semin\u00e1rio de Sa\u00fade Mental no Trabalho ser\u00e1 realizado nos dias 04 e 05 de outubro&#8230;<\/p>\n","protected":false},"author":1,"featured_media":0,"comment_status":"closed","ping_status":"closed","sticky":false,"template":"","format":"standard","meta":{"footnotes":""},"categories":[21],"tags":[],"class_list":["post-23186","post","type-post","status-publish","format-standard","hentry","category-saude"],"_links":{"self":[{"href":"https:\/\/www.corumbaonline.com.br\/news\/wp-json\/wp\/v2\/posts\/23186","targetHints":{"allow":["GET"]}}],"collection":[{"href":"https:\/\/www.corumbaonline.com.br\/news\/wp-json\/wp\/v2\/posts"}],"about":[{"href":"https:\/\/www.corumbaonline.com.br\/news\/wp-json\/wp\/v2\/types\/post"}],"author":[{"embeddable":true,"href":"https:\/\/www.corumbaonline.com.br\/news\/wp-json\/wp\/v2\/users\/1"}],"replies":[{"embeddable":true,"href":"https:\/\/www.corumbaonline.com.br\/news\/wp-json\/wp\/v2\/comments?post=23186"}],"version-history":[{"count":1,"href":"https:\/\/www.corumbaonline.com.br\/news\/wp-json\/wp\/v2\/posts\/23186\/revisions"}],"predecessor-version":[{"id":23187,"href":"https:\/\/www.corumbaonline.com.br\/news\/wp-json\/wp\/v2\/posts\/23186\/revisions\/23187"}],"wp:attachment":[{"href":"https:\/\/www.corumbaonline.com.br\/news\/wp-json\/wp\/v2\/media?parent=23186"}],"wp:term":[{"taxonomy":"category","embeddable":true,"href":"https:\/\/www.corumbaonline.com.br\/news\/wp-json\/wp\/v2\/categories?post=23186"},{"taxonomy":"post_tag","embeddable":true,"href":"https:\/\/www.corumbaonline.com.br\/news\/wp-json\/wp\/v2\/tags?post=23186"}],"curies":[{"name":"wp","href":"https:\/\/api.w.org\/{rel}","templated":true}]}}