{"id":23207,"date":"2018-10-02T10:18:17","date_gmt":"2018-10-02T14:18:17","guid":{"rendered":"http:\/\/www.corumbaonline.com.br\/news\/?p=23207"},"modified":"2018-10-02T10:52:53","modified_gmt":"2018-10-02T14:52:53","slug":"pf-prende-passageira-de-onibus-fretado-com-mais-de-115-quilos-de-cocaina-na-br-262","status":"publish","type":"post","link":"https:\/\/www.corumbaonline.com.br\/news\/pf-prende-passageira-de-onibus-fretado-com-mais-de-115-quilos-de-cocaina-na-br-262\/","title":{"rendered":"PF prende passageira de \u00f4nibus fretado com mais de 11,5 quilos de coca\u00edna na BR-262"},"content":{"rendered":"<p>A Pol\u00edcia Federal (PF) prendeu na tarde desta segunda-feira (1\u00b0) uma brasileira de 26 anos, passageira de um \u00f4nibus que saiu de Corumb\u00e1 com destino a S\u00e3o Paulo.<\/p>\n<p>O \u00f4nibus foi abordado por policiais federais com apoio de agentes da For\u00e7a Nacional de Seguran\u00e7a no posto fiscal Lampi\u00e3o Aceso, na BR-262. A mulher transportava tabletes de coca\u00edna em sua mala e em sua bolsa. Ap\u00f3s a pesagem, a droga apreendida totalizou pouco mais de 11,6 quilos. O \u00f4nibus fretado seguiria para S\u00e3o Paulo, onde a droga seria entregue.<\/p>\n<figure id=\"attachment_23209\" aria-describedby=\"caption-attachment-23209\" style=\"width: 286px\" class=\"wp-caption alignleft\"><a href=\"https:\/\/www.corumbaonline.com.br\/news\/wp-content\/uploads\/2018\/10\/foto112162.jpg\"><img loading=\"lazy\" decoding=\"async\" class=\"size-full wp-image-23209\" src=\"https:\/\/www.corumbaonline.com.br\/news\/wp-content\/uploads\/2018\/10\/foto112162.jpg\" alt=\"\" width=\"286\" height=\"402\" srcset=\"https:\/\/www.corumbaonline.com.br\/news\/wp-content\/uploads\/2018\/10\/foto112162.jpg 286w, https:\/\/www.corumbaonline.com.br\/news\/wp-content\/uploads\/2018\/10\/foto112162-213x300.jpg 213w\" sizes=\"auto, (max-width: 286px) 100vw, 286px\" \/><\/a><figcaption id=\"caption-attachment-23209\" class=\"wp-caption-text\">Distribu\u00edda em tabletes a coca\u00edna estava na mala e na bolsa da passageira (Foto: Divulga\u00e7\u00e3o)<\/figcaption><\/figure>\n<p>A mulher foi encaminhada \u00e0 Delegacia da Pol\u00edcia Federal de Corumb\u00e1 onde foi indiciada pelo crime de tr\u00e1fico de droga e, se condenada, poder\u00e1 cumprir pena de cinco a quinze anos de reclus\u00e3o e multa. A mulher ser\u00e1 encaminhada \u00e0 Justi\u00e7a Federal e passar\u00e1 por audi\u00eancia de cust\u00f3dia.<\/p>\n","protected":false},"excerpt":{"rendered":"<p>A Pol\u00edcia Federal (PF) prendeu na tarde desta segunda-feira (1\u00b0) uma brasileira de 26 anos,&#8230;<\/p>\n","protected":false},"author":1,"featured_media":23208,"comment_status":"closed","ping_status":"closed","sticky":false,"template":"","format":"standard","meta":{"footnotes":""},"categories":[8],"tags":[],"class_list":["post-23207","post","type-post","status-publish","format-standard","has-post-thumbnail","hentry","category-destaque"],"_links":{"self":[{"href":"https:\/\/www.corumbaonline.com.br\/news\/wp-json\/wp\/v2\/posts\/23207","targetHints":{"allow":["GET"]}}],"collection":[{"href":"https:\/\/www.corumbaonline.com.br\/news\/wp-json\/wp\/v2\/posts"}],"about":[{"href":"https:\/\/www.corumbaonline.com.br\/news\/wp-json\/wp\/v2\/types\/post"}],"author":[{"embeddable":true,"href":"https:\/\/www.corumbaonline.com.br\/news\/wp-json\/wp\/v2\/users\/1"}],"replies":[{"embeddable":true,"href":"https:\/\/www.corumbaonline.com.br\/news\/wp-json\/wp\/v2\/comments?post=23207"}],"version-history":[{"count":1,"href":"https:\/\/www.corumbaonline.com.br\/news\/wp-json\/wp\/v2\/posts\/23207\/revisions"}],"predecessor-version":[{"id":23210,"href":"https:\/\/www.corumbaonline.com.br\/news\/wp-json\/wp\/v2\/posts\/23207\/revisions\/23210"}],"wp:featuredmedia":[{"embeddable":true,"href":"https:\/\/www.corumbaonline.com.br\/news\/wp-json\/wp\/v2\/media\/23208"}],"wp:attachment":[{"href":"https:\/\/www.corumbaonline.com.br\/news\/wp-json\/wp\/v2\/media?parent=23207"}],"wp:term":[{"taxonomy":"category","embeddable":true,"href":"https:\/\/www.corumbaonline.com.br\/news\/wp-json\/wp\/v2\/categories?post=23207"},{"taxonomy":"post_tag","embeddable":true,"href":"https:\/\/www.corumbaonline.com.br\/news\/wp-json\/wp\/v2\/tags?post=23207"}],"curies":[{"name":"wp","href":"https:\/\/api.w.org\/{rel}","templated":true}]}}