{"id":23213,"date":"2018-10-02T10:47:01","date_gmt":"2018-10-02T14:47:01","guid":{"rendered":"http:\/\/www.corumbaonline.com.br\/news\/?p=23213"},"modified":"2018-10-02T10:57:20","modified_gmt":"2018-10-02T14:57:20","slug":"nelsinho-e-zeca-lideram-corrida-pelo-senado-em-ms-indica-datamax","status":"publish","type":"post","link":"https:\/\/www.corumbaonline.com.br\/news\/nelsinho-e-zeca-lideram-corrida-pelo-senado-em-ms-indica-datamax\/","title":{"rendered":"Nelsinho e Zeca lideram corrida pelo Senado em MS, indica DATAmax"},"content":{"rendered":"<p>Candidatos ao Senado Federal por Mato Grosso do Sul, Nelsinho Trad (PTB) e Zeca do PT lideram a corrida eleitoral por duas vagas em Bras\u00edlia, segundo aponta pesquisa DATAmax realizada entre os dias 27 e 29 de setembro. Neste ano os sul-mato-grossenses escolher\u00e3o dois nomes para o Senado.<\/p>\n<p>A pesquisa DATAmax revela que na inten\u00e7\u00e3o de voto estimulada ao Senado, levando em conta o consolidado das respostas, ou seja, a primeira e a segunda escolha do eleitor, Nelsinho Trad tem 26,3% da prefer\u00eancia. A lista segue com Zeca do PT (24,4%), Waldemir Moka (MDB) com 18%, Delc\u00eddio Amaral (PTC) com 16,1% e Marcelo Miglioli (PSDB) com 12%.<\/p>\n<p>Completam o ranking, conforme a pesquisa estimulada de inten\u00e7\u00e3o de voto, Soraya Thronicke (PSL) com 8,5%, Sergio Harfouche (PSC) 7,3%, Beto Figueir\u00f3 (PODE) com 3,2%, Gilmar da Cruz (PRB) com 2%, Mario Fonseca (PCdoB) com 1,6%, Anisio Guat\u00f3 (PSOL) com 1%, Dorival Betini (PMB) com 0,9% e Thiago Freitas (PPL) com 0,8%.<\/p>\n<p>Os eleitores que disseram que votar\u00e3o branco ou nulo somaram 31% e aqueles que n\u00e3o sabem ou n\u00e3o responderam somam 47,1%. Vale lembrar que a soma total das inten\u00e7\u00f5es de votos na pesquisa consolidada chega a 200% porque leva em conta os dois votos dos eleitores.<\/p>\n<h1>Primeiro voto<\/h1>\n<p><img loading=\"lazy\" decoding=\"async\" class=\"size-full wp-image-897809 aligncenter\" src=\"https:\/\/cdn.midiamax.com.br\/elasticbeanstalk-us-west-2-809048387867\/uploads\/2018\/10\/2.jpg\" sizes=\"auto, (max-width: 771px) 100vw, 771px\" srcset=\"https:\/\/cdn.midiamax.com.br\/elasticbeanstalk-us-west-2-809048387867\/uploads\/2018\/10\/2.jpg 771w, https:\/\/cdn.midiamax.com.br\/elasticbeanstalk-us-west-2-809048387867\/uploads\/2018\/10\/2-320x195.jpg 320w, https:\/\/cdn.midiamax.com.br\/elasticbeanstalk-us-west-2-809048387867\/uploads\/2018\/10\/2-768x469.jpg 768w\" alt=\"\" width=\"771\" height=\"471\" \/><\/p>\n<p>A pesquisa DATAmax tamb\u00e9m apurou os cen\u00e1rios da primeira e da segunda op\u00e7\u00e3o de voto do eleitor. Na primeira op\u00e7\u00e3o, Zeca do PT lidera a pesquisa com 16,7%, Nelsinho Trad com 13,5% e Delc\u00eddio do Amaral com 8,9% s\u00e3o os tr\u00eas primeiros na disputa.<\/p>\n<p>Na segunda op\u00e7\u00e3o de voto, o cen\u00e1rio \u00e9 um pouco diferente. Nelsinho Trad lidera com 12,8% seguido por Waldemir Moka com 10,1% e Zeca do PT com 7,7%. OS n\u00fameros completos sobre a primeira op\u00e7\u00e3o de voto podem ser conferidos no gr\u00e1fico acima.<\/p>\n<h1>Segundo voto<\/h1>\n<p><img loading=\"lazy\" decoding=\"async\" class=\"size-full wp-image-897812 aligncenter\" src=\"https:\/\/cdn.midiamax.com.br\/elasticbeanstalk-us-west-2-809048387867\/uploads\/2018\/10\/3.jpg\" sizes=\"auto, (max-width: 741px) 100vw, 741px\" srcset=\"https:\/\/cdn.midiamax.com.br\/elasticbeanstalk-us-west-2-809048387867\/uploads\/2018\/10\/3.jpg 741w, https:\/\/cdn.midiamax.com.br\/elasticbeanstalk-us-west-2-809048387867\/uploads\/2018\/10\/3-320x207.jpg 320w, https:\/\/cdn.midiamax.com.br\/elasticbeanstalk-us-west-2-809048387867\/uploads\/2018\/10\/3-210x136.jpg 210w\" alt=\"\" width=\"741\" height=\"479\" \/><\/p>\n<p>Ao serem questionados sobre a segunda op\u00e7\u00e3o de voto, os eleitores ouvidos pela pesquisa indicaram votar em Nelsinho Trad (12,8%), Waldemir Moka (10,1%) e Zeca do PT (7,7%). Os n\u00fameros completos da segunda op\u00e7\u00e3o de voto podem ser conferidos no gr\u00e1fico acima.<\/p>\n<h1>Registro<\/h1>\n<p>A Pesquisa foi realizada nos dias 27, 28 e 29 de setembro de 2018. No levantamento, com \u00edndice de confian\u00e7a de 95% e margem de erros 3 pontos percentuais, para mais ou para menos, foram realizadas 1.040 entrevistas.<\/p>\n<p>O levantamento est\u00e1 registrado no TRE-MS (Tribunal Regional Eleitoral) e TSE (Tribunal Superior Eleitoral), sob os n\u00fameros MS-02838 e BR-04533\/2018.<\/p>\n","protected":false},"excerpt":{"rendered":"<p>Candidatos ao Senado Federal por Mato Grosso do Sul, Nelsinho Trad (PTB) e Zeca do&#8230;<\/p>\n","protected":false},"author":1,"featured_media":0,"comment_status":"closed","ping_status":"closed","sticky":false,"template":"","format":"standard","meta":{"footnotes":""},"categories":[101,19],"tags":[],"class_list":["post-23213","post","type-post","status-publish","format-standard","hentry","category-eleicoes","category-politica"],"_links":{"self":[{"href":"https:\/\/www.corumbaonline.com.br\/news\/wp-json\/wp\/v2\/posts\/23213","targetHints":{"allow":["GET"]}}],"collection":[{"href":"https:\/\/www.corumbaonline.com.br\/news\/wp-json\/wp\/v2\/posts"}],"about":[{"href":"https:\/\/www.corumbaonline.com.br\/news\/wp-json\/wp\/v2\/types\/post"}],"author":[{"embeddable":true,"href":"https:\/\/www.corumbaonline.com.br\/news\/wp-json\/wp\/v2\/users\/1"}],"replies":[{"embeddable":true,"href":"https:\/\/www.corumbaonline.com.br\/news\/wp-json\/wp\/v2\/comments?post=23213"}],"version-history":[{"count":1,"href":"https:\/\/www.corumbaonline.com.br\/news\/wp-json\/wp\/v2\/posts\/23213\/revisions"}],"predecessor-version":[{"id":23214,"href":"https:\/\/www.corumbaonline.com.br\/news\/wp-json\/wp\/v2\/posts\/23213\/revisions\/23214"}],"wp:attachment":[{"href":"https:\/\/www.corumbaonline.com.br\/news\/wp-json\/wp\/v2\/media?parent=23213"}],"wp:term":[{"taxonomy":"category","embeddable":true,"href":"https:\/\/www.corumbaonline.com.br\/news\/wp-json\/wp\/v2\/categories?post=23213"},{"taxonomy":"post_tag","embeddable":true,"href":"https:\/\/www.corumbaonline.com.br\/news\/wp-json\/wp\/v2\/tags?post=23213"}],"curies":[{"name":"wp","href":"https:\/\/api.w.org\/{rel}","templated":true}]}}