{"id":23233,"date":"2018-10-03T08:18:19","date_gmt":"2018-10-03T12:18:19","guid":{"rendered":"http:\/\/www.corumbaonline.com.br\/news\/?p=23233"},"modified":"2018-10-03T08:32:18","modified_gmt":"2018-10-03T12:32:18","slug":"mato-grosso-do-sul-esta-em-campanha-para-vacinacao-de-adolescentes-contra-hpv-2","status":"publish","type":"post","link":"https:\/\/www.corumbaonline.com.br\/news\/mato-grosso-do-sul-esta-em-campanha-para-vacinacao-de-adolescentes-contra-hpv-2\/","title":{"rendered":"Mato Grosso do Sul est\u00e1 em campanha para vacina\u00e7\u00e3o de adolescentes contra HPV"},"content":{"rendered":"<p>Teve in\u00edcio em setembro a Campanha de Mobiliza\u00e7\u00e3o e Comunica\u00e7\u00e3o para a Vacina\u00e7\u00e3o do Adolescente contra HPV.<\/p>\n<p>A Secretaria de Estado de Sa\u00fade (SES) distribuiu doses da vacina contra HPV para as secretarias municipais de sa\u00fade dos 79 munic\u00edpios de Mato Grosso do Sul.<\/p>\n<p>A expectativa \u00e9 de vacinar em todo o Brasil 9,7 milh\u00f5es de meninas de 9 a 14 anos e 10,8 milh\u00f5es de meninos de 11 a 14 anos. Para garantir a vacina\u00e7\u00e3o deste p\u00fablico, o Minist\u00e9rio da Sa\u00fade investiu R$ 567 milh\u00f5es na aquisi\u00e7\u00e3o de 14 milh\u00f5es de vacinas. A vacina HPV \u00e9 eficaz e protege contra v\u00e1rios tipos de c\u00e2nceres em mulheres e homens.<\/p>\n<p>Em Mato Grosso do Sul tomaram a primeira dose da vacina em 2018, 7,86% das meninas de 9 a 14 anos e 9,85% dos meninos de 11 a 14 anos.<\/p>\n<p>Com o slogan \u201cN\u00e3o perca a nova temporada de Vacina\u00e7\u00e3o contra o HPV\u201d, a campanha publicit\u00e1ria envolve v\u00e1rias pe\u00e7as e ser\u00e1 veiculada no per\u00edodo de 4 a 28 de setembro. O\u00a0<a href=\"https:\/\/www.youtube.com\/watch?time_continue=20&amp;v=s8oL8Cst9Fo\" target=\"_blank\" rel=\"noopener noreferrer\">filme<\/a>\u00a0mistura imagens reais e anima\u00e7\u00e3o e traz dois jovens, um menino e uma menina, fugindo de um v\u00edrus em um cen\u00e1rio com inspira\u00e7\u00e3o nos seriados famosos que s\u00e3o de identifica\u00e7\u00e3o do p\u00fablico jovem e dos pais. A fuga termina no momento em que os jovens entram em uma unidade de sa\u00fade e se vacinam.<\/p>\n<p>Trata-se de uma campanha publicit\u00e1ria para mobilizar a popula\u00e7\u00e3o. A vacina contra o HPV faz parte do calend\u00e1rio de rotina dispon\u00edvel nas unidades do Sistema \u00danico de Sa\u00fade (SUS). A campanha \u00e9 importante para lembrar as pessoas sobre a necessidade da vacina\u00e7\u00e3o, esclarecendo o que \u00e9 mito ou boato e o quais s\u00e3o as informa\u00e7\u00f5es verdadeiras, baseadas em estudos cient\u00edficos.<\/p>\n<p>Segundo estudo realizado pelo projeto POP-Brasil em 2017, a preval\u00eancia estimada do HPV no Brasil \u00e9 de 54,3 %. O estudo entrevistou 7.586 pessoas nas capitais brasileiras. Os dados da pesquisa mostram que 37,6 % dos participantes apresentaram HPV de alto risco para o desenvolvimento de c\u00e2ncer.<\/p>\n<p>O estudo indica ainda que 16,1% dos jovens tem uma Infec\u00e7\u00e3o Sexualmente Transmiss\u00edvel (IST) pr\u00e9via ou apresentaram resultado positivo no teste r\u00e1pido para HIV ou s\u00edfilis. Os dados finais deste projeto ser\u00e3o disponibilizados no relat\u00f3rio a ser apresentado ao Minist\u00e9rio da Sa\u00fade at\u00e9 o fim do ano.<\/p>\n","protected":false},"excerpt":{"rendered":"<p>Teve in\u00edcio em setembro a Campanha de Mobiliza\u00e7\u00e3o e Comunica\u00e7\u00e3o para a Vacina\u00e7\u00e3o do Adolescente&#8230;<\/p>\n","protected":false},"author":1,"featured_media":0,"comment_status":"closed","ping_status":"closed","sticky":false,"template":"","format":"standard","meta":{"footnotes":""},"categories":[21],"tags":[],"class_list":["post-23233","post","type-post","status-publish","format-standard","hentry","category-saude"],"_links":{"self":[{"href":"https:\/\/www.corumbaonline.com.br\/news\/wp-json\/wp\/v2\/posts\/23233","targetHints":{"allow":["GET"]}}],"collection":[{"href":"https:\/\/www.corumbaonline.com.br\/news\/wp-json\/wp\/v2\/posts"}],"about":[{"href":"https:\/\/www.corumbaonline.com.br\/news\/wp-json\/wp\/v2\/types\/post"}],"author":[{"embeddable":true,"href":"https:\/\/www.corumbaonline.com.br\/news\/wp-json\/wp\/v2\/users\/1"}],"replies":[{"embeddable":true,"href":"https:\/\/www.corumbaonline.com.br\/news\/wp-json\/wp\/v2\/comments?post=23233"}],"version-history":[{"count":1,"href":"https:\/\/www.corumbaonline.com.br\/news\/wp-json\/wp\/v2\/posts\/23233\/revisions"}],"predecessor-version":[{"id":23234,"href":"https:\/\/www.corumbaonline.com.br\/news\/wp-json\/wp\/v2\/posts\/23233\/revisions\/23234"}],"wp:attachment":[{"href":"https:\/\/www.corumbaonline.com.br\/news\/wp-json\/wp\/v2\/media?parent=23233"}],"wp:term":[{"taxonomy":"category","embeddable":true,"href":"https:\/\/www.corumbaonline.com.br\/news\/wp-json\/wp\/v2\/categories?post=23233"},{"taxonomy":"post_tag","embeddable":true,"href":"https:\/\/www.corumbaonline.com.br\/news\/wp-json\/wp\/v2\/tags?post=23233"}],"curies":[{"name":"wp","href":"https:\/\/api.w.org\/{rel}","templated":true}]}}