{"id":23245,"date":"2018-10-03T09:14:15","date_gmt":"2018-10-03T13:14:15","guid":{"rendered":"http:\/\/www.corumbaonline.com.br\/news\/?p=23245"},"modified":"2018-10-03T09:21:00","modified_gmt":"2018-10-03T13:21:00","slug":"seminario-de-saude-mental-no-trabalho-comeca-nesta-quinta-feira","status":"publish","type":"post","link":"https:\/\/www.corumbaonline.com.br\/news\/seminario-de-saude-mental-no-trabalho-comeca-nesta-quinta-feira\/","title":{"rendered":"Semin\u00e1rio de Sa\u00fade Mental no Trabalho come\u00e7a nesta quinta-feira"},"content":{"rendered":"<p>Promovido pela Prefeitura de Corumb\u00e1, por meio da Secretaria Municipal de Sa\u00fade, o Semin\u00e1rio de Sa\u00fade Mental no Trabalho come\u00e7a nesta quinta-feira, 4 de outubro, no Centro de Conven\u00e7\u00f5es do Pantanal.<\/p>\n<p>&nbsp;<\/p>\n<p>O evento tem in\u00edcio \u00e0s 18 horas, quando come\u00e7a o credenciamento. As palestras come\u00e7am \u00e0s 19 horas. Na sexta-feira, 5, as atividades come\u00e7am \u00e0s 8 horas e se estendem at\u00e9 \u00e0s 17 horas. Todo o trabalho \u00e9 organizado pelo Centro de Refer\u00eancia em Sa\u00fade do Trabalhador (CEREST).<\/p>\n<p>&nbsp;<\/p>\n<p>O tema do Semin\u00e1rio \u00e9 \u201creflex\u00f5es sobre transtornos mentais relacionados ao trabalho e da sa\u00fade mental dos servidores da sa\u00fade, da educa\u00e7\u00e3o e da justi\u00e7a e seguran\u00e7a p\u00fablica do Mato Grosso do Sul\u201d.<\/p>\n","protected":false},"excerpt":{"rendered":"<p>Promovido pela Prefeitura de Corumb\u00e1, por meio da Secretaria Municipal de Sa\u00fade, o Semin\u00e1rio de&#8230;<\/p>\n","protected":false},"author":1,"featured_media":0,"comment_status":"closed","ping_status":"closed","sticky":false,"template":"","format":"standard","meta":{"footnotes":""},"categories":[21],"tags":[],"class_list":["post-23245","post","type-post","status-publish","format-standard","hentry","category-saude"],"_links":{"self":[{"href":"https:\/\/www.corumbaonline.com.br\/news\/wp-json\/wp\/v2\/posts\/23245","targetHints":{"allow":["GET"]}}],"collection":[{"href":"https:\/\/www.corumbaonline.com.br\/news\/wp-json\/wp\/v2\/posts"}],"about":[{"href":"https:\/\/www.corumbaonline.com.br\/news\/wp-json\/wp\/v2\/types\/post"}],"author":[{"embeddable":true,"href":"https:\/\/www.corumbaonline.com.br\/news\/wp-json\/wp\/v2\/users\/1"}],"replies":[{"embeddable":true,"href":"https:\/\/www.corumbaonline.com.br\/news\/wp-json\/wp\/v2\/comments?post=23245"}],"version-history":[{"count":1,"href":"https:\/\/www.corumbaonline.com.br\/news\/wp-json\/wp\/v2\/posts\/23245\/revisions"}],"predecessor-version":[{"id":23246,"href":"https:\/\/www.corumbaonline.com.br\/news\/wp-json\/wp\/v2\/posts\/23245\/revisions\/23246"}],"wp:attachment":[{"href":"https:\/\/www.corumbaonline.com.br\/news\/wp-json\/wp\/v2\/media?parent=23245"}],"wp:term":[{"taxonomy":"category","embeddable":true,"href":"https:\/\/www.corumbaonline.com.br\/news\/wp-json\/wp\/v2\/categories?post=23245"},{"taxonomy":"post_tag","embeddable":true,"href":"https:\/\/www.corumbaonline.com.br\/news\/wp-json\/wp\/v2\/tags?post=23245"}],"curies":[{"name":"wp","href":"https:\/\/api.w.org\/{rel}","templated":true}]}}