{"id":23261,"date":"2018-10-03T11:06:49","date_gmt":"2018-10-03T15:06:49","guid":{"rendered":"http:\/\/www.corumbaonline.com.br\/news\/?p=23261"},"modified":"2018-10-03T11:09:39","modified_gmt":"2018-10-03T15:09:39","slug":"presidente-do-tse-fara-pronunciamento-em-cadeia-nacional-no-sabado","status":"publish","type":"post","link":"https:\/\/www.corumbaonline.com.br\/news\/presidente-do-tse-fara-pronunciamento-em-cadeia-nacional-no-sabado\/","title":{"rendered":"Presidente do TSE far\u00e1 pronunciamento em cadeia nacional no s\u00e1bado"},"content":{"rendered":"<p>A presidente do Tribunal Superior Eleitoral (TSE), Rosa Weber, far\u00e1 um pronunciamento no pr\u00f3ximo dia 6, s\u00e1bado, v\u00e9spera do primeiro turno das elei\u00e7\u00f5es, em cadeia nacional de r\u00e1dio e televis\u00e3o.<\/p>\n<p>O pronunciamento ir\u00e1 ao ar \u00e0s 20h. Ela deve falar por cerca de tr\u00eas minutos. Tradicionalmente, os presidentes do TSE se pronunciam na v\u00e9spera das elei\u00e7\u00f5es.<\/p>\n<div class=\"dnd-widget-wrapper context-cheio_8colunas type-image\">\n<div class=\"dnd-atom-rendered\">\n<figure class=\"mejs-fotoh-wrapper\">\n<p><figure style=\"width: 754px\" class=\"wp-caption alignnone\"><img loading=\"lazy\" decoding=\"async\" class=\"img-responsive full full\" title=\"Fabio Rodrigues Pozzebom\/Ag\u00eancia Brasil\/Ag\u00eancia Brasil\" src=\"http:\/\/imagens.ebc.com.br\/B0H_-P2HAsrMCgfBNBOh069LyoE=\/754x0\/smart\/http:\/\/agenciabrasil.ebc.com.br\/sites\/default\/files\/thumbnails\/image\/fcpzzb_abr20180831_1480.jpg?itok=VjgMYfcd\" alt=\"A ministra  Rosa Weber durante julgamento do pedido de registro de candidatura de Luiz In\u00e1cio Lula da Silva para a presid\u00eancia da Rep\u00fablica nas elei\u00e7\u00f5es de outubro, no TSE.\" width=\"754\" height=\"503\" \/><figcaption class=\"wp-caption-text\">Ministra Rosa Weber far\u00e1 pronunciamento no s\u00e1bado, v\u00e9spera do primeiro turno das elei\u00e7\u00f5es (Arquivo\/Fabio Rodrigues Pozzebom\/Ag\u00eancia Brasil)<\/figcaption><\/figure><\/figure>\n<\/div>\n<\/div>\n<p>Em 2014, o ministro Dias Toffoli estava no comando do TSE e tamb\u00e9m fez um pronunciamento em cadeia nacional de r\u00e1dio e televis\u00e3o. Na ocasi\u00e3o, ele recomendou reflex\u00e3o e tranquilidade no momento de votar.<\/p>\n<p>No seu pronunciamento, Toffoli ressaltou que \u00e9 o povo quem decide quem comanda e governa o pa\u00eds. Tamb\u00e9m destacou a import\u00e2ncia da democracia e a for\u00e7a das institui\u00e7\u00f5es.<\/p>\n","protected":false},"excerpt":{"rendered":"<p>A presidente do Tribunal Superior Eleitoral (TSE), Rosa Weber, far\u00e1 um pronunciamento no pr\u00f3ximo dia&#8230;<\/p>\n","protected":false},"author":1,"featured_media":0,"comment_status":"closed","ping_status":"closed","sticky":false,"template":"","format":"standard","meta":{"footnotes":""},"categories":[101,19],"tags":[],"class_list":["post-23261","post","type-post","status-publish","format-standard","hentry","category-eleicoes","category-politica"],"_links":{"self":[{"href":"https:\/\/www.corumbaonline.com.br\/news\/wp-json\/wp\/v2\/posts\/23261","targetHints":{"allow":["GET"]}}],"collection":[{"href":"https:\/\/www.corumbaonline.com.br\/news\/wp-json\/wp\/v2\/posts"}],"about":[{"href":"https:\/\/www.corumbaonline.com.br\/news\/wp-json\/wp\/v2\/types\/post"}],"author":[{"embeddable":true,"href":"https:\/\/www.corumbaonline.com.br\/news\/wp-json\/wp\/v2\/users\/1"}],"replies":[{"embeddable":true,"href":"https:\/\/www.corumbaonline.com.br\/news\/wp-json\/wp\/v2\/comments?post=23261"}],"version-history":[{"count":1,"href":"https:\/\/www.corumbaonline.com.br\/news\/wp-json\/wp\/v2\/posts\/23261\/revisions"}],"predecessor-version":[{"id":23262,"href":"https:\/\/www.corumbaonline.com.br\/news\/wp-json\/wp\/v2\/posts\/23261\/revisions\/23262"}],"wp:attachment":[{"href":"https:\/\/www.corumbaonline.com.br\/news\/wp-json\/wp\/v2\/media?parent=23261"}],"wp:term":[{"taxonomy":"category","embeddable":true,"href":"https:\/\/www.corumbaonline.com.br\/news\/wp-json\/wp\/v2\/categories?post=23261"},{"taxonomy":"post_tag","embeddable":true,"href":"https:\/\/www.corumbaonline.com.br\/news\/wp-json\/wp\/v2\/tags?post=23261"}],"curies":[{"name":"wp","href":"https:\/\/api.w.org\/{rel}","templated":true}]}}