{"id":23266,"date":"2018-10-03T11:37:58","date_gmt":"2018-10-03T15:37:58","guid":{"rendered":"http:\/\/www.corumbaonline.com.br\/news\/?p=23266"},"modified":"2018-10-03T12:12:34","modified_gmt":"2018-10-03T16:12:34","slug":"prefeitura-abre-vagas-em-feiras-para-produtores-de-assentamentos-de-corumba","status":"publish","type":"post","link":"https:\/\/www.corumbaonline.com.br\/news\/prefeitura-abre-vagas-em-feiras-para-produtores-de-assentamentos-de-corumba\/","title":{"rendered":"Prefeitura abre vagas em feiras para produtores de assentamentos de Corumb\u00e1"},"content":{"rendered":"<p>A Prefeitura de Corumb\u00e1, por meio da Secretaria Municipal de Infraestrutura e Servi\u00e7os P\u00fablicos, abriu novas vagas nas feiras livres para produtores dos assentamentos rurais da cidade. A partir desta semana, os assentados da regi\u00e3o ficar\u00e3o em locais espec\u00edficos nas feiras de quarta, sexta e domingo.<\/p>\n<p>&nbsp;<\/p>\n<p>\u201c\u00c9 um anseio antigo e o prefeito Marcelo Iunes determinou que se regularizasse a situa\u00e7\u00e3o dos feirantes dos assentamentos. Faremos o cadastro e a marca\u00e7\u00e3o de um local espec\u00edfico nas feiras para eles trabalharem. Ficar\u00e1 bem caracterizado que ali, naquele conjunto, s\u00e3o produtos dos nossos assentamentos. Ao longo desta semana essa situa\u00e7\u00e3o ser\u00e1 regulamentada\u201d, explicou o secret\u00e1rio municipal de Infraestrutura, Ricardo Ametlla.<\/p>\n<p>&nbsp;<\/p>\n<p>Luciano Cruz Souza, chefe do servi\u00e7o de Fiscaliza\u00e7\u00e3o e Postura da Prefeitura, detalhou que, a princ\u00edpio, s\u00e3o 36 novas vagas para produtores que ainda n\u00e3o s\u00e3o cadastrados pelo Munic\u00edpio, sendo 10 na feira de quarta-feira, 10 na feira de sexta e 16 na feira de domingo, a maior da cidade.<\/p>\n<p>&nbsp;<\/p>\n<p>\u201cEssa vagas visam atender um p\u00fablico espec\u00edfico, que s\u00e3o os produtores da zona rural que tem sua produ\u00e7\u00e3o sazonal, que produzem em determinadas \u00e9pocas do ano e n\u00e3o s\u00e3o t\u00e3o frequentes nas feiras livres. Esses produtores precisam de um atendimento especifico que ser\u00e1 dado pela Administra\u00e7\u00e3o municipal\u201d, explicou.<\/p>\n<p>&nbsp;<\/p>\n<p>Os pequenos produtores rurais que ainda n\u00e3o possuem vagas nas feiras livres devem procurar o setor de Fiscaliza\u00e7\u00e3o de Posturas, na avenida General Rondon, esquina com a Frei Mariano, no antigo Hotel Galileo, das 7h30 \u00e0s 13h30. \u201cTeremos um fiscal respons\u00e1vel por essa inscri\u00e7\u00e3o. Ainda \u00e9 poss\u00edvel tamb\u00e9m que eles solicitem vagas em outros dias, que vamos verificar a viabilidade de atender esse produtor\u201d, concluiu chefe do servi\u00e7o de Fiscaliza\u00e7\u00e3o e Postura da Prefeitura.<\/p>\n<p>&nbsp;<\/p>\n<p>Na quarta-feira, o lugar espec\u00edfico para os pequenos produtores ser\u00e1 no prolongamento da rua Cuiab\u00e1 com a Cyr\u00edaco de Toledo; na sexta-feira eles ficar\u00e3o na entrada da rua 15 de novembro, na Porto Carrero, perto ao ponto de \u00f4nibus, o que vai facilitar o escoamento da produ\u00e7\u00e3o; no domingo ser\u00e1 na parte do meio da rua 13 de Junho.<\/p>\n","protected":false},"excerpt":{"rendered":"<p>A Prefeitura de Corumb\u00e1, por meio da Secretaria Municipal de Infraestrutura e Servi\u00e7os P\u00fablicos, abriu&#8230;<\/p>\n","protected":false},"author":1,"featured_media":23267,"comment_status":"closed","ping_status":"closed","sticky":false,"template":"","format":"standard","meta":{"footnotes":""},"categories":[2,8],"tags":[],"class_list":["post-23266","post","type-post","status-publish","format-standard","has-post-thumbnail","hentry","category-agropecuaria","category-destaque"],"_links":{"self":[{"href":"https:\/\/www.corumbaonline.com.br\/news\/wp-json\/wp\/v2\/posts\/23266","targetHints":{"allow":["GET"]}}],"collection":[{"href":"https:\/\/www.corumbaonline.com.br\/news\/wp-json\/wp\/v2\/posts"}],"about":[{"href":"https:\/\/www.corumbaonline.com.br\/news\/wp-json\/wp\/v2\/types\/post"}],"author":[{"embeddable":true,"href":"https:\/\/www.corumbaonline.com.br\/news\/wp-json\/wp\/v2\/users\/1"}],"replies":[{"embeddable":true,"href":"https:\/\/www.corumbaonline.com.br\/news\/wp-json\/wp\/v2\/comments?post=23266"}],"version-history":[{"count":1,"href":"https:\/\/www.corumbaonline.com.br\/news\/wp-json\/wp\/v2\/posts\/23266\/revisions"}],"predecessor-version":[{"id":23268,"href":"https:\/\/www.corumbaonline.com.br\/news\/wp-json\/wp\/v2\/posts\/23266\/revisions\/23268"}],"wp:featuredmedia":[{"embeddable":true,"href":"https:\/\/www.corumbaonline.com.br\/news\/wp-json\/wp\/v2\/media\/23267"}],"wp:attachment":[{"href":"https:\/\/www.corumbaonline.com.br\/news\/wp-json\/wp\/v2\/media?parent=23266"}],"wp:term":[{"taxonomy":"category","embeddable":true,"href":"https:\/\/www.corumbaonline.com.br\/news\/wp-json\/wp\/v2\/categories?post=23266"},{"taxonomy":"post_tag","embeddable":true,"href":"https:\/\/www.corumbaonline.com.br\/news\/wp-json\/wp\/v2\/tags?post=23266"}],"curies":[{"name":"wp","href":"https:\/\/api.w.org\/{rel}","templated":true}]}}